{"id":64442,"date":"2020-07-20T13:48:01","date_gmt":"2020-07-20T16:48:01","guid":{"rendered":"https:\/\/www.actualidadadiario.com\/?p=64442"},"modified":"2020-07-30T16:02:31","modified_gmt":"2020-07-30T19:02:31","slug":"la-reforma-judicial-ingresara-esta-semana-al-congreso","status":"publish","type":"post","link":"https:\/\/www.actualidadadiario.com\/index.php\/2020\/07\/20\/la-reforma-judicial-ingresara-esta-semana-al-congreso\/","title":{"rendered":"La reforma judicial ingresar\u00e1 esta semana al Congreso"},"content":{"rendered":"<p style=\"text-align: center;\"><em><strong>&#8220;Vamos a reconstruir el fuero federal&#8221;, adelant\u00f3 Alberto Fern\u00e1ndez, que tambi\u00e9n remarc\u00f3 que se analizar\u00e1 el funcionamiento de la Corte Suprema<\/strong><\/em><\/p>\n<p>&nbsp;<\/p>\n<p>&nbsp;<\/p>\n<p>&nbsp;<\/p>\n<p>El presidente Alberto Fern\u00e1ndez confirm\u00f3 que en los pr\u00f3ximos d\u00edas ingresar\u00e1 al Congreso la reforma judicial, iniciativa que implicar\u00e1 &#8220;un reordenamiento de todo el sistema de la Justicia Federal&#8221;. Seg\u00fan explic\u00f3 el mandatario, el reordenamiento &#8220;va mucho m\u00e1s all\u00e1 de (los tribunales de) Comodoro Py&#8221;, y permitir\u00e1 tener &#8220;m\u00e1s tribunales, m\u00e1s fiscal\u00edas, m\u00e1s defensor\u00edas, m\u00e1s tribunales orales&#8221;.<\/p>\n<p>&#8220;En la Ciudad de Buenos Aires, como consecuencia del cambio de Capital Federal a la Ciudad Aut\u00f3noma, lo que se llaman competencias ordinarias deben pasar a la Ciudad de Buenos Aires y yo me propuse hacer un reordenamiento de todo el sistema de la Justicia Federal. Un reordenamiento que va mucho m\u00e1s all\u00e1 de Comodoro Py. Es un cambio en toda la justicia federal nacional con el prop\u00f3sito de que eso funcione bien&#8221;, explic\u00f3.<\/p>\n<p>Adelant\u00f3 que se trata de un proyecto &#8220;tan ambicioso como necesario porque la justicia federal se ha exhibido ante nosotros con un funcionamiento defectuoso&#8221;.<\/p>\n<p>&#8220;Es una ley muy ambiciosa que implica reconstruir el fuero federal y adem\u00e1s avanzar en el traspaso de la justicia ordinaria a la justicia de la Ciudad, que es algo que est\u00e1 pendiente&#8221;, insisti\u00f3.<\/p>\n<p>En este marco, Fern\u00e1ndez le apunt\u00f3 a la Corte Suprema y se pregunt\u00f3 si para lograr un mejor funcionamiento deber\u00eda ampliarse o no la cantidad de jueces o dividirlos en salas. Tambi\u00e9n puso un signo de interrogaci\u00f3n acerca de posibles cambios en el Consejo de la Magistratura y en el Ministerio P\u00fablico, en tanto que desliz\u00f3 la posibilidad de poner en marcha de &#8220;una vez por todas&#8221; el juicio por jurados.<\/p>\n<p>&#8220;Todo eso va a ser objeto de an\u00e1lisis en un consejo que me asesore durante 60 d\u00edas&#8221;, revel\u00f3.<\/p>\n<p>Consultado por su opini\u00f3n sobre el juicio por jurados, confes\u00f3 que era muy &#8220;resistente&#8221; a su aplicaci\u00f3n, pero reconoci\u00f3 que la experiencia le fue demostrando que &#8220;los jueces tambi\u00e9n son muy influidos por los medios y por el contexto&#8221;, en tanto que &#8220;es mucho m\u00e1s dif\u00edcil influir a doce personas que a una&#8221;.<\/p>\n<p>Por \u00faltimo, dijo que es proclive a revisar la figura del arrepentido, ley con la que afirm\u00f3 no haber estado &#8220;nunca de acuerdo&#8221;. &#8220;El concepto del arrepentido es en el Derecho Penal el confeso. No hac\u00eda falta crear una figura del arrepentimiento. Hay gente que genuinamente se arrepiente y confiesa su delito. El sistema del arrepentido puede generar una enorme perversi\u00f3n de incentivar a alguien a decir lo que no ocurre tan solo para poder sentirse liberado&#8221;, advirti\u00f3.<\/p>\n","protected":false},"excerpt":{"rendered":"<p>&#8220;Vamos a reconstruir el fuero federal&#8221;, adelant\u00f3 Alberto Fern\u00e1ndez, que tambi\u00e9n remarc\u00f3 que se analizar\u00e1 el funcionamiento de la Corte Suprema &nbsp; &nbsp; &nbsp; El presidente Alberto Fern\u00e1ndez confirm\u00f3 que en los pr\u00f3ximos d\u00edas ingresar\u00e1 al Congreso la reforma judicial, iniciativa que implicar\u00e1 &#8220;un reordenamiento de todo el sistema de la Justicia Federal&#8221;. Seg\u00fan explic\u00f3 el mandatario, el reordenamiento &#8220;va mucho m\u00e1s all\u00e1 de (los tribunales de) Comodoro Py&#8221;, y permitir\u00e1 tener &#8220;m\u00e1s tribunales, m\u00e1s fiscal\u00edas, m\u00e1s defensor\u00edas, m\u00e1s tribunales orales&#8221;. &#8220;En la Ciudad de Buenos Aires, como consecuencia del&#8230;<\/p>\n","protected":false},"author":3,"featured_media":60877,"comment_status":"closed","ping_status":"closed","sticky":false,"template":"","format":"standard","meta":[],"categories":[18],"tags":[],"_links":{"self":[{"href":"https:\/\/www.actualidadadiario.com\/index.php\/wp-json\/wp\/v2\/posts\/64442"}],"collection":[{"href":"https:\/\/www.actualidadadiario.com\/index.php\/wp-json\/wp\/v2\/posts"}],"about":[{"href":"https:\/\/www.actualidadadiario.com\/index.php\/wp-json\/wp\/v2\/types\/post"}],"author":[{"embeddable":true,"href":"https:\/\/www.actualidadadiario.com\/index.php\/wp-json\/wp\/v2\/users\/3"}],"replies":[{"embeddable":true,"href":"https:\/\/www.actualidadadiario.com\/index.php\/wp-json\/wp\/v2\/comments?post=64442"}],"version-history":[{"count":1,"href":"https:\/\/www.actualidadadiario.com\/index.php\/wp-json\/wp\/v2\/posts\/64442\/revisions"}],"predecessor-version":[{"id":64443,"href":"https:\/\/www.actualidadadiario.com\/index.php\/wp-json\/wp\/v2\/posts\/64442\/revisions\/64443"}],"wp:featuredmedia":[{"embeddable":true,"href":"https:\/\/www.actualidadadiario.com\/index.php\/wp-json\/wp\/v2\/media\/60877"}],"wp:attachment":[{"href":"https:\/\/www.actualidadadiario.com\/index.php\/wp-json\/wp\/v2\/media?parent=64442"}],"wp:term":[{"taxonomy":"category","embeddable":true,"href":"https:\/\/www.actualidadadiario.com\/index.php\/wp-json\/wp\/v2\/categories?post=64442"},{"taxonomy":"post_tag","embeddable":true,"href":"https:\/\/www.actualidadadiario.com\/index.php\/wp-json\/wp\/v2\/tags?post=64442"}],"curies":[{"name":"wp","href":"https:\/\/api.w.org\/{rel}","templated":true}]}}