{"id":64439,"date":"2020-07-20T13:47:15","date_gmt":"2020-07-20T16:47:15","guid":{"rendered":"https:\/\/www.actualidadadiario.com\/?p=64439"},"modified":"2020-07-30T16:02:31","modified_gmt":"2020-07-30T19:02:31","slug":"vilma-ibarra-el-que-crea-que-puede-condicionar-al-presidente-no-lo-conoce","status":"publish","type":"post","link":"https:\/\/www.actualidadadiario.com\/index.php\/2020\/07\/20\/vilma-ibarra-el-que-crea-que-puede-condicionar-al-presidente-no-lo-conoce\/","title":{"rendered":"Vilma Ibarra: &#8220;El que crea que puede condicionar al Presidente, no lo conoce&#8221;"},"content":{"rendered":"<p style=\"text-align: center;\"><em><strong>No es amante de dar notas, pero Ibarra comunica bien y decidi\u00f3 salir a la cancha. Por qu\u00e9 ahora. Su mensaje hacia adentro del Frente de Todos, su mirada sobre la reforma de la justicia. &#8220;Tenemos una gran responsabilidad pol\u00edtica: trabajar unidos y dar respuestas a las necesidades de la gente en esta coyuntura tan dif\u00edcil&#8221;, dijo<\/strong><\/em><\/p>\n<p>&nbsp;<\/p>\n<p>&nbsp;<\/p>\n<p>\u201cEl que cree que puede condicionar al Presidente generando dichos acerca de \u2018que est\u00e1 condicionado\u2019 o \u2018acorralado\u2019, no lo conoce. El Presidente tiene una enorme paciencia, una enorme capacidad de di\u00e1logo y no lo van a correr de ah\u00ed\u201d, afirm\u00f3 la titular de la Secretar\u00eda Legal y T\u00e9cnica, Vilma Ibarra. Adem\u00e1s opin\u00f3 sobre la reforma judicial que el Gobierno presentar\u00e1 esta semana y, en di\u00e1logo con P\u00e1ginaI12, dio un mensaje hacia dentro de la coalici\u00f3n de la que forma parte: \u201ctenemos una gran responsabilidad pol\u00edtica: trabajar unidos y dar respuestas a las necesidades de la gente en esta coyuntura tan dif\u00edcil. Estamos cuidando la salud, la vida, el empleo y la producci\u00f3n, y necesitamos construir una sociedad m\u00e1s justa e igualitaria\u201d, dijo.<\/p>\n<p>Ibarra coment\u00f3 que para empezar a dar respuestas a las necesidades econ\u00f3micas de la sociedad \u201cprimero hay que clausurar la etapa de sobre endeudamiento, de destrucci\u00f3n de la econom\u00eda, de agravios y persecuciones\u201d. \u201cEstamos decididos a avanzar con di\u00e1logo, y tambi\u00e9n con mucha firmeza en el camino que la gente defini\u00f3 cuando eligi\u00f3 la boleta de Alberto y Cristina\u201d, afirm\u00f3. Adem\u00e1s, destac\u00f3 que Fern\u00e1ndez &#8220;est\u00e1 a la cabeza con un liderazgo muy integrador y muy racional&#8221;.<\/p>\n<p>Las declaraciones de la secretaria legal y t\u00e9cnica se dieron en un contexto en el que el Gobierno busca dar mensajes concretos sobre la situaci\u00f3n pol\u00edtica actual y desestimar los intentos de la oposici\u00f3n de generar divisiones al interior del oficialismo. Voceros del Poder Ejecutivo dijeron a este diario que \u201cse necesitan voces claras que expliquen el enorme trabajo que se est\u00e1 haciendo\u201d, ya que, seg\u00fan indicaron, \u201cel pa\u00eds fue recibido en grave situaci\u00f3n en diciembre; luego vino la pandemia, se sumaron dificultades econ\u00f3micas, y hubo un enorme esfuerzo de la sociedad para sostener la cuarentena\u201d.<\/p>\n<p>Por otra parte, desde Casa Rosada rescataron que el aislamiento \u201cse transit\u00f3 en paz\u201d, y \u201csosteniendo el empleo y ayudando a quienes menos tienen\u201d. Tambi\u00e9n puntualizaron que es necesario \u201cdesactivar los discursos de discordia y enfrentamiento con un liderazgo firme e integrador del presidente, Cristina y con Massa\u201d. \u201cEl que piense que hay otra opci\u00f3n est\u00e1 desencaminado; esa opci\u00f3n ya nos llev\u00f3 al fracaso y fue Macri\u201d, agregaron.<\/p>\n<p>Con respecto a la crisis sanitaria, Ibarra sostuvo que \u201cestamos transitando una etapa en la que la sociedad no est\u00e1 dispuesta a que nos estemos agrediendo entre las dirigencias pol\u00edticas\u201d. \u201cEs una situaci\u00f3n dif\u00edcil, con una pandemia de la que se sabe poco y que amenaza fuertemente las econom\u00edas m\u00e1s poderosas del mundo. Por eso tenemos que llevar tranquilidad a la gente\u201d, resalt\u00f3.<\/p>\n<p>Otro de los temas sobre los que opin\u00f3 la asesora presidencial fue acerca de la reforma judicial, que comenzar\u00e1 a tratarse esta semana. Seg\u00fan ella, \u00e9sa una idea que Fern\u00e1ndez tiene &#8220;hace mucho tiempo&#8221;. La reforma, explic\u00f3, buscar\u00e1 terminar con &#8220;el esquema pendular de justicia que hace mal a la democracia\u201d. Luego, detall\u00f3 que seguir\u00e1 existiendo el respeto al &#8220;juez natural&#8221;: \u201cnadie va a sacar un juez a dedo de ning\u00fan lado, porque si algo ya no tolera la sociedad argentina es el manoseo de la justicia&#8221;.<\/p>\n<p>En relaci\u00f3n a la idea que se quiere instalar acerca de las supuestas \u201cinternas\u201d o discusiones dentro del Frente de Todos, la funcionaria explic\u00f3 que \u201cformamos parte de una coalici\u00f3n y yo fui convocada a ser parte de eso. Tanto Alberto c\u00f3mo Cristina fueron capaces de construir algo con mucho consenso, muy integrador y fueron ellos los que pensaron que la mejor persona para liderarlo era Alberto. El liderazgo de \u00e9l es integrador porque eso es lo que necesita la Argentina\u201d. Adem\u00e1s, destac\u00f3 que no les preocupa que haya miradas diversas: \u201cclaro que las hay porque no ven\u00edan de los mismos sitios Cristina, Alberto, Felipe Sol\u00e1 o Massa\u201d, dijo. \u201cFuimos convocados muchos que ven\u00edamos de distintas historias, y trayendo distintas demandas y perspectivas. Esa diversidad es contenida en esta coalici\u00f3n y ser\u00eda imposible y nos har\u00eda da\u00f1o que exista un discurso \u00fanico\u201d, detall\u00f3.<\/p>\n<p>\u201cA veces, la idea de ahondar la grieta puede favorecer a algunos, pero estoy segura de que nos hace da\u00f1o a la mayor\u00eda de argentinos. El presidente no va a trabajar para ahondar en eso, vamos a trabajar para construir consensos y avanzar en la agenda que verdaderamente necesita el pa\u00eds\u201d, sostuvo. Entre las prioridades del Gobierno, Ibarra puntualiz\u00f3 que \u201cse necesita contener la producci\u00f3n, mejorar la administraci\u00f3n de justicia y sostener y crear trabajo digno para que el pa\u00eds levante su matriz productiva con financiamiento sano\u201d. \u201cSe est\u00e1n atravesando periodos muy dif\u00edciles y no vamos a trabajar para la grieta\u201d, concluy\u00f3.<\/p>\n","protected":false},"excerpt":{"rendered":"<p>No es amante de dar notas, pero Ibarra comunica bien y decidi\u00f3 salir a la cancha. Por qu\u00e9 ahora. Su mensaje hacia adentro del Frente de Todos, su mirada sobre la reforma de la justicia. &#8220;Tenemos una gran responsabilidad pol\u00edtica: trabajar unidos y dar respuestas a las necesidades de la gente en esta coyuntura tan dif\u00edcil&#8221;, dijo &nbsp; &nbsp; \u201cEl que cree que puede condicionar al Presidente generando dichos acerca de \u2018que est\u00e1 condicionado\u2019 o \u2018acorralado\u2019, no lo conoce. El Presidente tiene una enorme paciencia, una enorme capacidad de di\u00e1logo&#8230;<\/p>\n","protected":false},"author":3,"featured_media":64440,"comment_status":"closed","ping_status":"closed","sticky":false,"template":"","format":"standard","meta":[],"categories":[18],"tags":[],"_links":{"self":[{"href":"https:\/\/www.actualidadadiario.com\/index.php\/wp-json\/wp\/v2\/posts\/64439"}],"collection":[{"href":"https:\/\/www.actualidadadiario.com\/index.php\/wp-json\/wp\/v2\/posts"}],"about":[{"href":"https:\/\/www.actualidadadiario.com\/index.php\/wp-json\/wp\/v2\/types\/post"}],"author":[{"embeddable":true,"href":"https:\/\/www.actualidadadiario.com\/index.php\/wp-json\/wp\/v2\/users\/3"}],"replies":[{"embeddable":true,"href":"https:\/\/www.actualidadadiario.com\/index.php\/wp-json\/wp\/v2\/comments?post=64439"}],"version-history":[{"count":1,"href":"https:\/\/www.actualidadadiario.com\/index.php\/wp-json\/wp\/v2\/posts\/64439\/revisions"}],"predecessor-version":[{"id":64441,"href":"https:\/\/www.actualidadadiario.com\/index.php\/wp-json\/wp\/v2\/posts\/64439\/revisions\/64441"}],"wp:featuredmedia":[{"embeddable":true,"href":"https:\/\/www.actualidadadiario.com\/index.php\/wp-json\/wp\/v2\/media\/64440"}],"wp:attachment":[{"href":"https:\/\/www.actualidadadiario.com\/index.php\/wp-json\/wp\/v2\/media?parent=64439"}],"wp:term":[{"taxonomy":"category","embeddable":true,"href":"https:\/\/www.actualidadadiario.com\/index.php\/wp-json\/wp\/v2\/categories?post=64439"},{"taxonomy":"post_tag","embeddable":true,"href":"https:\/\/www.actualidadadiario.com\/index.php\/wp-json\/wp\/v2\/tags?post=64439"}],"curies":[{"name":"wp","href":"https:\/\/api.w.org\/{rel}","templated":true}]}}