{"id":64437,"date":"2020-07-20T13:46:24","date_gmt":"2020-07-20T16:46:24","guid":{"rendered":"https:\/\/www.actualidadadiario.com\/?p=64437"},"modified":"2020-07-30T16:02:42","modified_gmt":"2020-07-30T19:02:42","slug":"buscamos-reconstruir-el-tejido-social-desde-abajo","status":"publish","type":"post","link":"https:\/\/www.actualidadadiario.com\/index.php\/2020\/07\/20\/buscamos-reconstruir-el-tejido-social-desde-abajo\/","title":{"rendered":"&#8220;Buscamos reconstruir el tejido social desde abajo&#8221;"},"content":{"rendered":"<p style=\"text-align: center;\"><em><strong>El ministro de Desarrollo Social, Daniel Arroyo, reafirm\u00f3 el objetivo de su gesti\u00f3n de &#8220;generar 300.000 puestos de trabajo&#8221; en los pr\u00f3ximos meses para empezar a &#8220;reconstruir de abajo hacia arriba&#8221; el tejido social y la actividad de la econom\u00eda popular<\/strong><\/em><\/p>\n<p>&nbsp;<\/p>\n<p>&#8220;Ya pusimos en marcha lo que llamamos la pol\u00edtica social post pandemia, que es potenciar trabajo y empezar a reconstruir el tejido social, empezar a generar oportunidades por el lado del trabajo en cinco rubros productivos&#8221;, declar\u00f3 el ministro.<\/p>\n<p>Arroyo resalt\u00f3, adem\u00e1s, la iniciativa del Gobierno por la cual son formalizados quienes &#8220;quieren vender o producir&#8221; en la categor\u00eda de &#8220;monotributista social&#8221;, algo que les permite &#8220;tener factura para producir y vender&#8221;, acceder a microcr\u00e9ditos y &#8220;durante 24 meses no tener que pagar tributo&#8221;.<\/p>\n<p>&#8220;Es la posibilidad de darle aire, que tenga factura, que pueda vender, sin necesidad de tener que pagar lo que hoy no tiene, que son los impuestos&#8221;, reiter\u00f3.<\/p>\n<p>&#8220;Apuntamos a generar 300.000 puestos de trabajo en los pr\u00f3ximos meses, que tienen que ver con cinco sectores. La construcci\u00f3n, infraestructura b\u00e1sica, lo que tiene que ver con la producci\u00f3n de alimentos, huertas, granjas, panader\u00edas&#8221;, grafic\u00f3.<\/p>\n","protected":false},"excerpt":{"rendered":"<p>El ministro de Desarrollo Social, Daniel Arroyo, reafirm\u00f3 el objetivo de su gesti\u00f3n de &#8220;generar 300.000 puestos de trabajo&#8221; en los pr\u00f3ximos meses para empezar a &#8220;reconstruir de abajo hacia arriba&#8221; el tejido social y la actividad de la econom\u00eda popular &nbsp; &#8220;Ya pusimos en marcha lo que llamamos la pol\u00edtica social post pandemia, que es potenciar trabajo y empezar a reconstruir el tejido social, empezar a generar oportunidades por el lado del trabajo en cinco rubros productivos&#8221;, declar\u00f3 el ministro. Arroyo resalt\u00f3, adem\u00e1s, la iniciativa del Gobierno por la&#8230;<\/p>\n","protected":false},"author":3,"featured_media":63004,"comment_status":"closed","ping_status":"closed","sticky":false,"template":"","format":"standard","meta":[],"categories":[18],"tags":[],"_links":{"self":[{"href":"https:\/\/www.actualidadadiario.com\/index.php\/wp-json\/wp\/v2\/posts\/64437"}],"collection":[{"href":"https:\/\/www.actualidadadiario.com\/index.php\/wp-json\/wp\/v2\/posts"}],"about":[{"href":"https:\/\/www.actualidadadiario.com\/index.php\/wp-json\/wp\/v2\/types\/post"}],"author":[{"embeddable":true,"href":"https:\/\/www.actualidadadiario.com\/index.php\/wp-json\/wp\/v2\/users\/3"}],"replies":[{"embeddable":true,"href":"https:\/\/www.actualidadadiario.com\/index.php\/wp-json\/wp\/v2\/comments?post=64437"}],"version-history":[{"count":1,"href":"https:\/\/www.actualidadadiario.com\/index.php\/wp-json\/wp\/v2\/posts\/64437\/revisions"}],"predecessor-version":[{"id":64438,"href":"https:\/\/www.actualidadadiario.com\/index.php\/wp-json\/wp\/v2\/posts\/64437\/revisions\/64438"}],"wp:featuredmedia":[{"embeddable":true,"href":"https:\/\/www.actualidadadiario.com\/index.php\/wp-json\/wp\/v2\/media\/63004"}],"wp:attachment":[{"href":"https:\/\/www.actualidadadiario.com\/index.php\/wp-json\/wp\/v2\/media?parent=64437"}],"wp:term":[{"taxonomy":"category","embeddable":true,"href":"https:\/\/www.actualidadadiario.com\/index.php\/wp-json\/wp\/v2\/categories?post=64437"},{"taxonomy":"post_tag","embeddable":true,"href":"https:\/\/www.actualidadadiario.com\/index.php\/wp-json\/wp\/v2\/tags?post=64437"}],"curies":[{"name":"wp","href":"https:\/\/api.w.org\/{rel}","templated":true}]}}