{"id":64434,"date":"2020-07-20T13:45:43","date_gmt":"2020-07-20T16:45:43","guid":{"rendered":"https:\/\/www.actualidadadiario.com\/?p=64434"},"modified":"2020-07-30T16:02:42","modified_gmt":"2020-07-30T19:02:42","slug":"el-gabinete-economico-define-el-plan-pospandemia-2","status":"publish","type":"post","link":"https:\/\/www.actualidadadiario.com\/index.php\/2020\/07\/20\/el-gabinete-economico-define-el-plan-pospandemia-2\/","title":{"rendered":"El gabinete econ\u00f3mico define el plan pospandemia"},"content":{"rendered":"<p style=\"text-align: center;\"><em><strong>Los ministros preparan un paquete de medidas para superar la crisis econ\u00f3mica, con incentivaci\u00f3n del consumo y la construcci\u00f3n. Analizan los programas del ATP y el IFE<\/strong><\/em><\/p>\n<p>&nbsp;<\/p>\n<p>&nbsp;<\/p>\n<p>&nbsp;<\/p>\n<p>El equipo econ\u00f3mico del Gobierno se re\u00fane todos los mi\u00e9rcoles. Esta semana adelantaron al lunes el encuentro con el objetivo delinear las medidas para afrontar la crisis econ\u00f3mica provocada por la pandemia.<\/p>\n<p>Con la apertura de la cuarentena, el gabinete de Alberto Fern\u00e1ndez pondr\u00e1 la mirada en el plan de recuperaci\u00f3n econ\u00f3mica que planifica el gabinete econ\u00f3mico.<\/p>\n<p>Desde las 10 de la ma\u00f1ana, el jefe de Gabinete, Santiago Cafiero, recibe a la vicejefa de Gabinete, Cecilia Todesca; y los ministros de Econom\u00eda, Mart\u00edn Guzm\u00e1n; de Trabajo, Claudio Moroni; y de Desarrollo Productivo, Mat\u00edas Kulfas. Tambi\u00e9n asisten los titulares del Banco Central, Miguel Pesce; de la AFIP, Mercedes Marc\u00f3 del Pont; y de la Anses, Fernanda Raverta.<\/p>\n<p>En el medio de la incertidumbre por el rumbo econ\u00f3mico, el oficialismo buscar\u00e1 cerrar el acuerdo de deuda externa, al mismo tiempo que procurar\u00e1 un esquema de recuperaci\u00f3n.<\/p>\n<p>Los \u00faltimos d\u00edas comenzaron a conocerse algunas de las medidas que analiza lanzar el Gobierno, adem\u00e1s de resolver si continuar\u00e1 con los programas de la Asistencia para el Trabajo y la Producci\u00f3n (ATP) y el Ingreso Familiar de Emergencia (IFE).<\/p>\n<p>El Presidente dijo este fin de semana que &#8220;no cree&#8221; en los planes econ\u00f3micos y anticip\u00f3 que la recuperaci\u00f3n vendr\u00e1 de la mano del campo, la obra p\u00fablica, la construcci\u00f3n privada mediante un programa de subsidios. Tambi\u00e9n buscar\u00e1n incentivar el consumo y apuestan a una reforma fiscal y financiera. En paralelo, el Gobierno dise\u00f1a la presentaci\u00f3n del Presupuesto 2021.<\/p>\n<p>Los ministros trabajan desde el inicio de la pandemia en medidas para paliar la situaci\u00f3n de las empresas y los trabajadores. La din\u00e1mica siempre fue reunirse una vez por semana en la Casa Rosada. En algunas ocasiones se sum\u00f3 el Presidente en la Quinta de Olivos.<\/p>\n<p>El jefe de gabinete anticip\u00f3 el finde de semana que se viene la &#8220;etapa de la recuperaci\u00f3n&#8221; de la econom\u00eda. Todav\u00eda no est\u00e1 definido si habr\u00e1 un anuncio de lanzamiento del plan.<\/p>\n","protected":false},"excerpt":{"rendered":"<p>Los ministros preparan un paquete de medidas para superar la crisis econ\u00f3mica, con incentivaci\u00f3n del consumo y la construcci\u00f3n. Analizan los programas del ATP y el IFE &nbsp; &nbsp; &nbsp; El equipo econ\u00f3mico del Gobierno se re\u00fane todos los mi\u00e9rcoles. Esta semana adelantaron al lunes el encuentro con el objetivo delinear las medidas para afrontar la crisis econ\u00f3mica provocada por la pandemia. Con la apertura de la cuarentena, el gabinete de Alberto Fern\u00e1ndez pondr\u00e1 la mirada en el plan de recuperaci\u00f3n econ\u00f3mica que planifica el gabinete econ\u00f3mico. Desde las 10&#8230;<\/p>\n","protected":false},"author":3,"featured_media":64435,"comment_status":"closed","ping_status":"closed","sticky":false,"template":"","format":"standard","meta":[],"categories":[9],"tags":[],"_links":{"self":[{"href":"https:\/\/www.actualidadadiario.com\/index.php\/wp-json\/wp\/v2\/posts\/64434"}],"collection":[{"href":"https:\/\/www.actualidadadiario.com\/index.php\/wp-json\/wp\/v2\/posts"}],"about":[{"href":"https:\/\/www.actualidadadiario.com\/index.php\/wp-json\/wp\/v2\/types\/post"}],"author":[{"embeddable":true,"href":"https:\/\/www.actualidadadiario.com\/index.php\/wp-json\/wp\/v2\/users\/3"}],"replies":[{"embeddable":true,"href":"https:\/\/www.actualidadadiario.com\/index.php\/wp-json\/wp\/v2\/comments?post=64434"}],"version-history":[{"count":1,"href":"https:\/\/www.actualidadadiario.com\/index.php\/wp-json\/wp\/v2\/posts\/64434\/revisions"}],"predecessor-version":[{"id":64436,"href":"https:\/\/www.actualidadadiario.com\/index.php\/wp-json\/wp\/v2\/posts\/64434\/revisions\/64436"}],"wp:featuredmedia":[{"embeddable":true,"href":"https:\/\/www.actualidadadiario.com\/index.php\/wp-json\/wp\/v2\/media\/64435"}],"wp:attachment":[{"href":"https:\/\/www.actualidadadiario.com\/index.php\/wp-json\/wp\/v2\/media?parent=64434"}],"wp:term":[{"taxonomy":"category","embeddable":true,"href":"https:\/\/www.actualidadadiario.com\/index.php\/wp-json\/wp\/v2\/categories?post=64434"},{"taxonomy":"post_tag","embeddable":true,"href":"https:\/\/www.actualidadadiario.com\/index.php\/wp-json\/wp\/v2\/tags?post=64434"}],"curies":[{"name":"wp","href":"https:\/\/api.w.org\/{rel}","templated":true}]}}