{"id":64431,"date":"2020-07-20T13:44:56","date_gmt":"2020-07-20T16:44:56","guid":{"rendered":"https:\/\/www.actualidadadiario.com\/?p=64431"},"modified":"2020-07-30T16:02:42","modified_gmt":"2020-07-30T19:02:42","slug":"alberto-a-los-bonistas-esta-es-la-ultima-oferta-que-hace-la-argentina","status":"publish","type":"post","link":"https:\/\/www.actualidadadiario.com\/index.php\/2020\/07\/20\/alberto-a-los-bonistas-esta-es-la-ultima-oferta-que-hace-la-argentina\/","title":{"rendered":"Alberto, a los bonistas: &#8220;Esta es la \u00faltima oferta que hace la Argentina&#8221;"},"content":{"rendered":"<p style=\"text-align: center;\"><em><strong>El Presidente ratific\u00f3 la propuesta argentina y dijo &#8220;no habr\u00e1 otra&#8221;. Se mostr\u00f3 &#8220;optimista&#8221; respecto al avance de las negociaciones<\/strong><\/em><\/p>\n<p>&nbsp;<\/p>\n<p>&nbsp;<\/p>\n<p>El presidente Alberto Fern\u00e1ndez ratific\u00f3 que la oferta presentada hace dos semanas por el tema deuda &#8220;es la \u00faltima&#8221; de la Argentina, no podemos hacer m\u00e1s&#8221; y se manifest\u00f3 &#8220;optimista&#8221; respecto del avance de las negociaciones.<\/p>\n<p>En un reportaje con el diario brit\u00e1nico Financial Times, el Presidente dijo &#8220;\u00e9sta es la \u00faltima oferta que hace la Argentina, no va a haber otra&#8221;.<\/p>\n<p>Fern\u00e1ndez sostuvo que es &#8220;optimista&#8221; respecto al avance de las negociaciones y que \u2013una vez resuelto esto- &#8220;sea la \u00faltima vez en la historia que la Argentina discuta el problema de la deuda&#8221;.<\/p>\n<p>El Jefe del Estado le dijo al Financial Times que &#8220;cualquier cosa m\u00e1s pondr\u00eda nuestra capacidad a (pagar nuestras deudas) en riesgo, y no quiero estafar a nadie\u201d.<\/p>\n<p>Flanqueado por su joven ministro de econom\u00eda Mart\u00edn Guzm\u00e1n, quien escuch\u00f3 detr\u00e1s de una m\u00e1scara facial, pero no habl\u00f3, el presidente dijo: &#8220;Quiero poder mirarle a los ojos y no ser acusado de mentir. Esto es lo que podemos hacer, no podemos hacer m\u00e1s&#8221;.<\/p>\n<p>&#8220;Esperamos que el mundo nos entienda. No vinimos aqu\u00ed para pelear con acreedores Vinimos a solucionar un problema que no creamos &#8220;, dijo Fern\u00e1ndez, se\u00f1alando que fue el anterior gobierno que masivamente aument\u00f3 la carga de la deuda.<\/p>\n<p>El mandatario reconoci\u00f3 que un colapso en los precios del petr\u00f3leo significaba que Argentina ya no pod\u00eda &#8220;confiar en sus enormes reservas en Vaca Muerta, para impulsar el crecimiento futuro&#8221;, pero dijo que &#8220;la vasta extensi\u00f3n de tierra f\u00e9rtil de la naci\u00f3n equival\u00eda a lo que \u00e9l llam\u00f3 una vaca viva y una oportunidad de valor agregado, exportaciones de alimentos procesados&#8221;.<\/p>\n<p>Respecto de un programa econ\u00f3mico, el presidente Fern\u00e1ndez sostuvo que &#8220;no existe un plan detallado. Francamente, no creo en planes econ\u00f3micos. Creo en las metas que podemos establecernos para que la econom\u00eda pueda trabajar para lograrlos&#8221;.<\/p>\n<p>El Presidente insisti\u00f3 en que estaba en contra de la intervenci\u00f3n estatal en la econom\u00eda por el bien de la misma. &#8220;Si quer\u00eda nacionalizar o expropiar empresas, no comenzar\u00eda con aquellas que est\u00e1n en bancarrota, comenzar\u00eda con aquellos que funcionan bien&#8221;, dijo.<\/p>\n<p>En referencia a su relaci\u00f3n con la vicepresidenta Cristina Fern\u00e1ndez, el Jefe del Estado sostuvo que &#8220;somos amigos, nos llevamos bien, nos hemos conocido hace mucho tiempo. No somos necesariamente iguales, pero nuestras diferencias no nos dividen. Por el contrario, hace un tiempo nos dimos cuenta de que estar separados facilit\u00f3 nuestra derrota&#8221;.<\/p>\n<p>El Presidente se\u00f1al\u00f3 que &#8220;ser\u00eda interesante que el mundo se ordene financieramente, el mundo qued\u00f3 dado vuelta, hay alrededor de 40 pa\u00edses que est\u00e1n en condiciones de defaultear&#8221;, agreg\u00f3 en relaci\u00f3n a la situaci\u00f3n global a causa de los efectos econ\u00f3micos relacionados con la pandemia de coronavirus.<\/p>\n<p>&#8220;Espero que la Argentina se recupere con sus propios recursos, con el impulso del Estado y que dejemos de endeudarnos porque la deuda nos condiciona. Pasa en la vida individual y pasa en la vida de los pa\u00edses, no te condiciona s\u00f3lo pol\u00edticamente te condiciona para poder proyectar porque ten\u00e9s esa espada de Damocles en tu cabeza&#8221;, respondi\u00f3 al ser consultado respecto a la necesidad futura de tomar nueva deuda.<\/p>\n<p>Sobre la pospandemia, Fern\u00e1ndez dijo que el Gobierno tiene en mente &#8220;una serie de medidas que reactiven y pongan en marcha otra vez la econom\u00eda. Son un mont\u00f3n de medidas. La idea es dividir el pa\u00eds en seis regiones: AMBA y las cinco que ya existen, Centro, NOA, NEA, Cuyo y Patagonia y hacer planes espec\u00edficos para potenciar las fortalezas de cada regi\u00f3n&#8221;.<\/p>\n<p>&#8220;La pandemia nos da la oportunidad de ir hacia un lugar de construcci\u00f3n distinto. Hay un plan general y un plan espec\u00edfico. Va a ser necesario hablarlo con los gobernadores de cada regi\u00f3n&#8221;, se\u00f1al\u00f3.<\/p>\n<p>El Presidente subray\u00f3 que una &#8220;buena parte del plan es obra p\u00fablica y la construcci\u00f3n de viviendas. Son formidables movilizadores de la econom\u00eda porque ayudan a mover muchas actividades y muchos sectores de la econom\u00eda y no necesit\u00e1s importar insumos&#8221;.<\/p>\n","protected":false},"excerpt":{"rendered":"<p>El Presidente ratific\u00f3 la propuesta argentina y dijo &#8220;no habr\u00e1 otra&#8221;. Se mostr\u00f3 &#8220;optimista&#8221; respecto al avance de las negociaciones &nbsp; &nbsp; El presidente Alberto Fern\u00e1ndez ratific\u00f3 que la oferta presentada hace dos semanas por el tema deuda &#8220;es la \u00faltima&#8221; de la Argentina, no podemos hacer m\u00e1s&#8221; y se manifest\u00f3 &#8220;optimista&#8221; respecto del avance de las negociaciones. En un reportaje con el diario brit\u00e1nico Financial Times, el Presidente dijo &#8220;\u00e9sta es la \u00faltima oferta que hace la Argentina, no va a haber otra&#8221;. Fern\u00e1ndez sostuvo que es &#8220;optimista&#8221; respecto&#8230;<\/p>\n","protected":false},"author":3,"featured_media":64432,"comment_status":"closed","ping_status":"closed","sticky":false,"template":"","format":"standard","meta":[],"categories":[9],"tags":[],"_links":{"self":[{"href":"https:\/\/www.actualidadadiario.com\/index.php\/wp-json\/wp\/v2\/posts\/64431"}],"collection":[{"href":"https:\/\/www.actualidadadiario.com\/index.php\/wp-json\/wp\/v2\/posts"}],"about":[{"href":"https:\/\/www.actualidadadiario.com\/index.php\/wp-json\/wp\/v2\/types\/post"}],"author":[{"embeddable":true,"href":"https:\/\/www.actualidadadiario.com\/index.php\/wp-json\/wp\/v2\/users\/3"}],"replies":[{"embeddable":true,"href":"https:\/\/www.actualidadadiario.com\/index.php\/wp-json\/wp\/v2\/comments?post=64431"}],"version-history":[{"count":1,"href":"https:\/\/www.actualidadadiario.com\/index.php\/wp-json\/wp\/v2\/posts\/64431\/revisions"}],"predecessor-version":[{"id":64433,"href":"https:\/\/www.actualidadadiario.com\/index.php\/wp-json\/wp\/v2\/posts\/64431\/revisions\/64433"}],"wp:featuredmedia":[{"embeddable":true,"href":"https:\/\/www.actualidadadiario.com\/index.php\/wp-json\/wp\/v2\/media\/64432"}],"wp:attachment":[{"href":"https:\/\/www.actualidadadiario.com\/index.php\/wp-json\/wp\/v2\/media?parent=64431"}],"wp:term":[{"taxonomy":"category","embeddable":true,"href":"https:\/\/www.actualidadadiario.com\/index.php\/wp-json\/wp\/v2\/categories?post=64431"},{"taxonomy":"post_tag","embeddable":true,"href":"https:\/\/www.actualidadadiario.com\/index.php\/wp-json\/wp\/v2\/tags?post=64431"}],"curies":[{"name":"wp","href":"https:\/\/api.w.org\/{rel}","templated":true}]}}