{"id":64416,"date":"2020-07-20T13:40:51","date_gmt":"2020-07-20T16:40:51","guid":{"rendered":"https:\/\/www.actualidadadiario.com\/?p=64416"},"modified":"2020-07-30T16:02:42","modified_gmt":"2020-07-30T19:02:42","slug":"por-la-pandemia-la-tasa-de-desempleo-superaria-el-15-durante-el-segundo-trimestre","status":"publish","type":"post","link":"https:\/\/www.actualidadadiario.com\/index.php\/2020\/07\/20\/por-la-pandemia-la-tasa-de-desempleo-superaria-el-15-durante-el-segundo-trimestre\/","title":{"rendered":"Por la pandemia, la tasa de desempleo superar\u00eda el 15% durante el segundo trimestre"},"content":{"rendered":"<p style=\"text-align: center;\"><em><strong>Un informe de la consultora titulado &#8220;El empleo en cuarentena: menos puestos de trabajo, m\u00e1s desocupaci\u00f3n&#8221;, se\u00f1ala que los principales afectados por el deterioro del mercado laboral son los trabajadores informales y cuentapropistas<\/strong><\/em><\/p>\n<p>&nbsp;<\/p>\n<p>&nbsp;<\/p>\n<p>La tasa de desempleo habr\u00eda superado el 15% durante el segundo trimestre y cerrar\u00eda el a\u00f1o apenas por debajo de ese guarismo -en torno al 13,5%-, a causa de la destrucci\u00f3n de puestos de trabajo relacionada con la pandemia de coronavirus, de acuerdo con un informe de la consultora Ecolatina.<\/p>\n<p>&#8220;Proyectamos que la tasa de desempleo habr\u00eda superado el 15% durante el segundo trimestre, y cerrar\u00eda el a\u00f1o en la zona del 13,5%, habiendo escalado m\u00e1s de 4 puntos porcentuales durante 2020. Pese a que dicha cifra se ubicar\u00e1 por debajo del pico de 20% de 2002, no deja de ser preocupante&#8221;, se\u00f1al\u00f3 Ecolatina.<\/p>\n<p>En el informe &#8220;El empleo en cuarentena: menos puestos de trabajo, m\u00e1s desocupaci\u00f3n&#8221;, la consultora se\u00f1al\u00f3 que &#8220;los principales afectados por el deterioro del mercado laboral son los trabajadores informales y cuentapropistas, a quienes, en muchos casos, la merma en los ingresos podr\u00eda ocasionarles caer por debajo de la l\u00ednea de pobreza&#8221;.<\/p>\n<p>Los sectores no esenciales, la construcci\u00f3n y restaurantes y hoteles &#8220;ser\u00e1n los m\u00e1s perjudicados&#8221; y &#8220;en suma, estimamos que la cuarentena ocasionar\u00eda una p\u00e9rdida de 400 mil asalariados privados registrados&#8221;.<\/p>\n<p>Seg\u00fan datos del Ministerio de Trabajo, entre diciembre de 2019 y abril de 2020 se destruyeron el 2,5% del total de los empleos formales (-310 mil), superando la ca\u00edda acumulada en 2018-2019.<\/p>\n<p>En este caso, el deterioro no estuvo liderado por los trabajadores asalariados privados registrados (-3,2%, -194 mil puestos), sino por aut\u00f3nomos (-5,2%) y monotributistas (-4%).<\/p>\n<p>&#8220;Esta l\u00f3gica responde al distinto nivel de exposici\u00f3n en que se encuentra cada modalidad de ocupaci\u00f3n: los despidos del sector privado est\u00e1n prohibidos por decreto, algo que no abarca a los trabajadores independientes&#8221;, analiz\u00f3 la consultora.<\/p>\n<p>&#8220;Es de esperarse que tras el confinamiento los trabajadores informales o cuentapropistas vayan reinsert\u00e1ndose gradualmente a sus actividades, ya que estas modalidades son, sin dudas, las que mayor terreno tienen por recuperar en el corto plazo&#8221;, concluy\u00f3 Ecolatina.<\/p>\n","protected":false},"excerpt":{"rendered":"<p>Un informe de la consultora titulado &#8220;El empleo en cuarentena: menos puestos de trabajo, m\u00e1s desocupaci\u00f3n&#8221;, se\u00f1ala que los principales afectados por el deterioro del mercado laboral son los trabajadores informales y cuentapropistas &nbsp; &nbsp; La tasa de desempleo habr\u00eda superado el 15% durante el segundo trimestre y cerrar\u00eda el a\u00f1o apenas por debajo de ese guarismo -en torno al 13,5%-, a causa de la destrucci\u00f3n de puestos de trabajo relacionada con la pandemia de coronavirus, de acuerdo con un informe de la consultora Ecolatina. &#8220;Proyectamos que la tasa de&#8230;<\/p>\n","protected":false},"author":3,"featured_media":64417,"comment_status":"closed","ping_status":"closed","sticky":false,"template":"","format":"standard","meta":[],"categories":[2],"tags":[],"_links":{"self":[{"href":"https:\/\/www.actualidadadiario.com\/index.php\/wp-json\/wp\/v2\/posts\/64416"}],"collection":[{"href":"https:\/\/www.actualidadadiario.com\/index.php\/wp-json\/wp\/v2\/posts"}],"about":[{"href":"https:\/\/www.actualidadadiario.com\/index.php\/wp-json\/wp\/v2\/types\/post"}],"author":[{"embeddable":true,"href":"https:\/\/www.actualidadadiario.com\/index.php\/wp-json\/wp\/v2\/users\/3"}],"replies":[{"embeddable":true,"href":"https:\/\/www.actualidadadiario.com\/index.php\/wp-json\/wp\/v2\/comments?post=64416"}],"version-history":[{"count":1,"href":"https:\/\/www.actualidadadiario.com\/index.php\/wp-json\/wp\/v2\/posts\/64416\/revisions"}],"predecessor-version":[{"id":64418,"href":"https:\/\/www.actualidadadiario.com\/index.php\/wp-json\/wp\/v2\/posts\/64416\/revisions\/64418"}],"wp:featuredmedia":[{"embeddable":true,"href":"https:\/\/www.actualidadadiario.com\/index.php\/wp-json\/wp\/v2\/media\/64417"}],"wp:attachment":[{"href":"https:\/\/www.actualidadadiario.com\/index.php\/wp-json\/wp\/v2\/media?parent=64416"}],"wp:term":[{"taxonomy":"category","embeddable":true,"href":"https:\/\/www.actualidadadiario.com\/index.php\/wp-json\/wp\/v2\/categories?post=64416"},{"taxonomy":"post_tag","embeddable":true,"href":"https:\/\/www.actualidadadiario.com\/index.php\/wp-json\/wp\/v2\/tags?post=64416"}],"curies":[{"name":"wp","href":"https:\/\/api.w.org\/{rel}","templated":true}]}}