{"id":64414,"date":"2020-07-20T13:40:06","date_gmt":"2020-07-20T16:40:06","guid":{"rendered":"https:\/\/www.actualidadadiario.com\/?p=64414"},"modified":"2020-07-30T16:02:42","modified_gmt":"2020-07-30T19:02:42","slug":"implementan-precios-minimos-en-exportaciones","status":"publish","type":"post","link":"https:\/\/www.actualidadadiario.com\/index.php\/2020\/07\/20\/implementan-precios-minimos-en-exportaciones\/","title":{"rendered":"Implementan precios m\u00ednimos en exportaciones"},"content":{"rendered":"<p style=\"text-align: center;\"><em><strong>En b\u00fasqueda de combatir la subfacturaci\u00f3n comienzan los precios m\u00ednimos impuestos por aduana<\/strong><\/em><\/p>\n<p>&nbsp;<\/p>\n<p>La Aduana impondr\u00e1 desde este lunes 20 de julio un precio m\u00ednimo para las ventas al exterior de cebolla. Este es el primer paso para combatir la evasi\u00f3n fiscal en las exportaciones a trav\u00e9s de la subfacturaci\u00f3n. El objetivo de la Aduana es poder combatir que los productos se vendan por debajo de ciertos precios establecidos. La nueva medida modificar\u00e1 las exportaciones de productos nacionales.<\/p>\n<p>La cebolla tendr\u00e1 un precio m\u00ednimo para la exportaci\u00f3n que ser\u00e1 de 19 centavos de d\u00f3lar por kilo. La verdura ser\u00e1 el primer producto afectado por la medida implementada que buscar\u00e1 combatir las maniobras evasivas. La medida estar\u00e1 publicada ma\u00f1ana, lunes, en el Bolet\u00edn Oficial, seg\u00fan inform\u00f3 Noticias Argentinas este domingo por la noche. Adem\u00e1s hay otros dos productos que sufrir\u00e1n la misma determinaci\u00f3n de valor m\u00ednimo para la venta.<\/p>\n<p>En un corto plazo se implementar\u00e1 esta misma medida para \u201cvalores referenciales de exportaci\u00f3n\u201d sobre la leche en polvo y las pasas de uva. En la jornada de ma\u00f1ana se dar\u00e1 a conocer la primera resoluci\u00f3n general (RG) espec\u00edfica sobre este tema, tras la 4710 publicada por AFIP el 11 de mayo, que estableci\u00f3 el marco referencial sobre la emergencia econ\u00f3mica que establecer\u00eda un control del valor de las mercader\u00edas a exportar.<\/p>\n<p>Con esta nueva medida que ser\u00e1 anunciada este lunes, la Aduana busca poder hacer frente a la gran problem\u00e1tica que es hoy en d\u00eda la evasi\u00f3n impositiva en la Argentina. La subfacturaci\u00f3n (valor declarado muy por debajo del real) de las exportaciones rentables preocupa de sobremanera a los entes gubernamentales responsables de la Direcci\u00f3n General de Aduanas y Administraci\u00f3n Federal de Ingresos P\u00fablicos (AFIP).<\/p>\n<p>Desde el organismo aseguraron que \u201clas cebollas ser\u00e1n la primera mercader\u00eda a la cual pondremos valor referencial, pero luego seguir\u00e1n otras\u201c, y confirmaron que \u201cla idea es que se terminen las subfacturaciones\u201d. Adem\u00e1s anunciaron: \u201cLos permisos de embarque que documenten por debajo del valor fijado, deber\u00e1n ir al \u00e1rea de Valoraci\u00f3n para ser estudiados\u201d. El funcionamiento de la nueva medida, que se quiso implementar hace varios a\u00f1os, consigui\u00f3 confirmarse luego de que Ilolay, Ver\u00f3nica y otras empresas l\u00e1cteas reconocieran que sus due\u00f1os est\u00e1n en una lista de blanqueo de capital.<\/p>\n","protected":false},"excerpt":{"rendered":"<p>En b\u00fasqueda de combatir la subfacturaci\u00f3n comienzan los precios m\u00ednimos impuestos por aduana &nbsp; La Aduana impondr\u00e1 desde este lunes 20 de julio un precio m\u00ednimo para las ventas al exterior de cebolla. Este es el primer paso para combatir la evasi\u00f3n fiscal en las exportaciones a trav\u00e9s de la subfacturaci\u00f3n. El objetivo de la Aduana es poder combatir que los productos se vendan por debajo de ciertos precios establecidos. La nueva medida modificar\u00e1 las exportaciones de productos nacionales. La cebolla tendr\u00e1 un precio m\u00ednimo para la exportaci\u00f3n que ser\u00e1&#8230;<\/p>\n","protected":false},"author":3,"featured_media":62423,"comment_status":"closed","ping_status":"closed","sticky":false,"template":"","format":"standard","meta":[],"categories":[2],"tags":[],"_links":{"self":[{"href":"https:\/\/www.actualidadadiario.com\/index.php\/wp-json\/wp\/v2\/posts\/64414"}],"collection":[{"href":"https:\/\/www.actualidadadiario.com\/index.php\/wp-json\/wp\/v2\/posts"}],"about":[{"href":"https:\/\/www.actualidadadiario.com\/index.php\/wp-json\/wp\/v2\/types\/post"}],"author":[{"embeddable":true,"href":"https:\/\/www.actualidadadiario.com\/index.php\/wp-json\/wp\/v2\/users\/3"}],"replies":[{"embeddable":true,"href":"https:\/\/www.actualidadadiario.com\/index.php\/wp-json\/wp\/v2\/comments?post=64414"}],"version-history":[{"count":1,"href":"https:\/\/www.actualidadadiario.com\/index.php\/wp-json\/wp\/v2\/posts\/64414\/revisions"}],"predecessor-version":[{"id":64415,"href":"https:\/\/www.actualidadadiario.com\/index.php\/wp-json\/wp\/v2\/posts\/64414\/revisions\/64415"}],"wp:featuredmedia":[{"embeddable":true,"href":"https:\/\/www.actualidadadiario.com\/index.php\/wp-json\/wp\/v2\/media\/62423"}],"wp:attachment":[{"href":"https:\/\/www.actualidadadiario.com\/index.php\/wp-json\/wp\/v2\/media?parent=64414"}],"wp:term":[{"taxonomy":"category","embeddable":true,"href":"https:\/\/www.actualidadadiario.com\/index.php\/wp-json\/wp\/v2\/categories?post=64414"},{"taxonomy":"post_tag","embeddable":true,"href":"https:\/\/www.actualidadadiario.com\/index.php\/wp-json\/wp\/v2\/tags?post=64414"}],"curies":[{"name":"wp","href":"https:\/\/api.w.org\/{rel}","templated":true}]}}