{"id":64412,"date":"2020-07-20T13:39:19","date_gmt":"2020-07-20T16:39:19","guid":{"rendered":"https:\/\/www.actualidadadiario.com\/?p=64412"},"modified":"2020-07-30T16:02:42","modified_gmt":"2020-07-30T19:02:42","slug":"el-ministerio-de-salud-pide-no-bajar-la-guardia-en-provincias-con-pocos-casos","status":"publish","type":"post","link":"https:\/\/www.actualidadadiario.com\/index.php\/2020\/07\/20\/el-ministerio-de-salud-pide-no-bajar-la-guardia-en-provincias-con-pocos-casos\/","title":{"rendered":"El Ministerio de Salud pide &#8220;no bajar la guardia&#8221; en provincias con pocos casos"},"content":{"rendered":"<p style=\"text-align: center;\"><em><strong>Alertan sobre una &#8220;nueva situaci\u00f3n de transmisi\u00f3n por brote&#8221; en ciudades o municipios donde no hab\u00eda pacientes de Covid, y sugirieron que ante una situaci\u00f3n peor Argentina podr\u00eda volver atr\u00e1s: &#8220;El mundo est\u00e1 aprendiendo a abrir, ver la evoluci\u00f3n y cerrar si hace falta&#8221;<\/strong><\/em><\/p>\n<p>&nbsp;<\/p>\n<p>&nbsp;<\/p>\n<p>Este lunes comienza una nueva etapa de la cuarentena por coronavirus en Argentina, con ciertas \u00e1reas que pueden reactivar parte de la econom\u00eda pero contin\u00faan en fase 3, mientras que el resto del pa\u00eds avanz\u00f3 a la fase 5. Sin embargo, el Ministerio de Salud pidi\u00f3 a las provincias y departamentos que tienen pocos o ning\u00fan caso que &#8220;no bajen la guardia&#8221;, ya que por migraci\u00f3n interna y circulaci\u00f3n de personas podr\u00edan surgir nuevos brotes.<\/p>\n<p>Adem\u00e1s, destacaron que el crecimiento de infecciones e internaciones logr\u00f3 cierta estabilidad, aunque ambos indicadores siguen con un aumento sostenido. Incluso, la ocupaci\u00f3n de camas de terapia intensiva se da por contagios que tuvieron lugar hace alrededor de 20 d\u00edas, y sugirieron que ante una situaci\u00f3n peor Argentina podr\u00eda volver atr\u00e1s, ya que &#8220;el mundo est\u00e1 aprendiendo a abrir, ver la evoluci\u00f3n y cerrar si hace falta&#8221;.<\/p>\n<p>Hay 842 personas internadas en terapia intensiva, 91% de las cuales est\u00e1n en Capital Federal y provincia de Buenos Aires. La ocupaci\u00f3n de camas de cuidados cr\u00edticos sigue en aumento en el \u00c1rea Metropolitana de Buenos Aires y ya alcanza el 65%, mientras que a nivel pa\u00eds el porcentaje es de 54,6%.<\/p>\n<p>Este crecimiento de las internaciones y la ca\u00edda de las unidades de terapia intensiva disponibles para cualquier paciente (no s\u00f3lo de coronavirus) es &#8220;a expensas de una mayor tensi\u00f3n en la Ciudad de Buenos Aires y fundamentalmente del sector privado&#8221;, remarc\u00f3 la secretaria de Acceso a la Salud, Carla Vizzotti.<\/p>\n<p>La funcionaria explic\u00f3 que en las salas de terapia intensiva se est\u00e1n viendo a &#8220;personas que han tenido la infecci\u00f3n hace m\u00e1s de 14 d\u00edas&#8221;, mientras que &#8220;el momento m\u00e1s com\u00fan para las complicaciones&#8221; que pueden llevar a cuidados cr\u00edticos &#8220;es a los siete d\u00edas de evoluci\u00f3n&#8221;, por lo que este aumento de internaciones corresponde a &#8220;alrededor de 20 d\u00edas atr\u00e1s&#8221;.<\/p>\n<p>&#8220;Cada acci\u00f3n que tomemos en el d\u00eda de hoy lo vamos a ver alrededor de 20 d\u00edas adelante en lo que significa la ocupaci\u00f3n de terapia intensiva&#8221;, enfatiz\u00f3 Vizzotti, y recalc\u00f3 &#8220;la importancia de cada acci\u00f3n y medida para poder tener un impacto positivo m\u00e1s adelante&#8221;.<\/p>\n<p>Respecto a quienes se recuperaron, &#8220;sigue estable el porcentaje&#8221;, ya que 44% del total de casos confirmados recibieron el alta.<\/p>\n<p>Desde el Ministerio de Salud subrayaron la preocupaci\u00f3n respecto a la presencia del virus en todas las provincias y que en las \u00faltimas dos semanas todas ellas hayan presentado casos nuevos, mientras que se est\u00e1n dando brotes en ciudades o municipios donde no hab\u00eda pacientes de Covid.<\/p>\n<p>Vizzotti indic\u00f3 que &#8220;la migraci\u00f3n interna, el tr\u00e1nsito de las personas, la din\u00e1mica de transmisi\u00f3n del virus&#8221; hacen que haya una &#8220;nueva situaci\u00f3n de transmisi\u00f3n por brote&#8221; en provincias y departamentos que no hab\u00edan tenido casos o lugares que hab\u00edan controlado los brotes que surgieron por conglomerados.<\/p>\n<p>&#8220;Siempre tenemos que seguir enfatizando la diferencia epidemiol\u00f3gica en el pa\u00eds. Hay \u00e1reas con transmisi\u00f3n sostenida donde el esfuerzo tiene que aumentarse todav\u00eda: la provincia de Jujuy, el departamento de San Fernando en Chaco, el \u00c1rea Metropolitana de Buenos Aires&#8221;, detall\u00f3.<\/p>\n<p>Mientras, el resto del pa\u00eds avanza con una normativa de distanciamiento social, preventivo y obligatorio, &#8220;heterog\u00e9nea tambi\u00e9n, con departamentos sin casos, otros con brotes o con n\u00fameros de casos m\u00e1s importantes&#8221;.<\/p>\n<p>En este marco, advirti\u00f3 que las provincias sin o con pocos casos &#8220;no deben bajar la guardia&#8221; por pensar que &#8220;ya no va a haber casos&#8221;. &#8220;Uno empieza a tener reuniones, y si no tienen las recomendaciones de distanciamiento, en el caso de que ingrese una persona con el virus es una situaci\u00f3n de m\u00e1ximo riesgo&#8221;, sostuvo.<\/p>\n<p>&#8220;El virus se transmite con las personas. A mayor circulaci\u00f3n es m\u00e1s posible que llegue a alguna de esas regiones. La recomendaci\u00f3n m\u00e1s importante para las 24 jurisdicciones, sobre todo para las que no tienen transmisi\u00f3n comunitaria y los departamentos que no han tenido casos es pensar que este es un momento en que tenemos que tener el m\u00e1ximo cuidado&#8221;, ratific\u00f3.<\/p>\n<p>Sobre esta l\u00ednea, Vizzotti record\u00f3 que en el mundo tambi\u00e9n hay diferentes situaciones con respecto al virus y muchos pa\u00edses ganaron experiencia a la hora de tratar con \u00e9l. &#8220;Estamos viendo que pa\u00edses que est\u00e1n unas semanas adelante en la epidemia est\u00e1n volviendo para atr\u00e1s en algunas medidas que han tomado. El mundo est\u00e1 aprendiendo a abrir, ver la evoluci\u00f3n y cerrar si hace falta&#8221;, plante\u00f3.<\/p>\n<p>En Argentina &#8220;la aceleraci\u00f3n del n\u00famero de infecciones est\u00e1 en un ascenso m\u00e1s lento. El n\u00famero de nuevos ingresos a terapia intensiva tambi\u00e9n se ha enlentecido. Tenemos que ver c\u00f3mo evoluciona. Esta semana es clave en funci\u00f3n de la responsabilidad individual&#8221;, insisti\u00f3.<\/p>\n<p>El total de personas con coronavirus en Argentina es de 126.755, de las cuales ya se recuperaron 55.913, mientras que 2.281 murieron, por lo que 68.561 contin\u00faan con la infecci\u00f3n en curso.<\/p>\n<p>De las personas afectadas, s\u00f3lo 0,9% llegaron al pa\u00eds enfermas desde el exterior; 31,7% se contagi\u00f3 por mantener contacto estrecho con otro paciente confirmado, y el 50,2% contrajeron Covid-19 por circulaci\u00f3n comunitaria, con lo cual no se puede rastrear c\u00f3mo fue la transmisi\u00f3n. El resto se encuentra en investigaci\u00f3n epidemiol\u00f3gica.<\/p>\n<p>Desde anoche se registraron 21 nuevas muertes. 17 hombres, 6 de 61, 74, 86, 80, 51 y 70 a\u00f1os, residentes en la provincia de Buenos Aires; 9 de 86, 78, 78, 89, 61, 51, 83, 85 y 62 a\u00f1os, residentes en la Ciudad de Buenos Aires (CABA); uno de 82 a\u00f1os, residente en la provincia de Chaco; uno de 87 a\u00f1os, residente en la provincia de R\u00edo Negro; y 4 mujeres de 74, 61, 64 y 67 a\u00f1os, residentes en la provincia de Buenos Aires.<\/p>\n","protected":false},"excerpt":{"rendered":"<p>Alertan sobre una &#8220;nueva situaci\u00f3n de transmisi\u00f3n por brote&#8221; en ciudades o municipios donde no hab\u00eda pacientes de Covid, y sugirieron que ante una situaci\u00f3n peor Argentina podr\u00eda volver atr\u00e1s: &#8220;El mundo est\u00e1 aprendiendo a abrir, ver la evoluci\u00f3n y cerrar si hace falta&#8221; &nbsp; &nbsp; Este lunes comienza una nueva etapa de la cuarentena por coronavirus en Argentina, con ciertas \u00e1reas que pueden reactivar parte de la econom\u00eda pero contin\u00faan en fase 3, mientras que el resto del pa\u00eds avanz\u00f3 a la fase 5. Sin embargo, el Ministerio de&#8230;<\/p>\n","protected":false},"author":3,"featured_media":62572,"comment_status":"closed","ping_status":"closed","sticky":false,"template":"","format":"standard","meta":[],"categories":[9],"tags":[],"_links":{"self":[{"href":"https:\/\/www.actualidadadiario.com\/index.php\/wp-json\/wp\/v2\/posts\/64412"}],"collection":[{"href":"https:\/\/www.actualidadadiario.com\/index.php\/wp-json\/wp\/v2\/posts"}],"about":[{"href":"https:\/\/www.actualidadadiario.com\/index.php\/wp-json\/wp\/v2\/types\/post"}],"author":[{"embeddable":true,"href":"https:\/\/www.actualidadadiario.com\/index.php\/wp-json\/wp\/v2\/users\/3"}],"replies":[{"embeddable":true,"href":"https:\/\/www.actualidadadiario.com\/index.php\/wp-json\/wp\/v2\/comments?post=64412"}],"version-history":[{"count":1,"href":"https:\/\/www.actualidadadiario.com\/index.php\/wp-json\/wp\/v2\/posts\/64412\/revisions"}],"predecessor-version":[{"id":64413,"href":"https:\/\/www.actualidadadiario.com\/index.php\/wp-json\/wp\/v2\/posts\/64412\/revisions\/64413"}],"wp:featuredmedia":[{"embeddable":true,"href":"https:\/\/www.actualidadadiario.com\/index.php\/wp-json\/wp\/v2\/media\/62572"}],"wp:attachment":[{"href":"https:\/\/www.actualidadadiario.com\/index.php\/wp-json\/wp\/v2\/media?parent=64412"}],"wp:term":[{"taxonomy":"category","embeddable":true,"href":"https:\/\/www.actualidadadiario.com\/index.php\/wp-json\/wp\/v2\/categories?post=64412"},{"taxonomy":"post_tag","embeddable":true,"href":"https:\/\/www.actualidadadiario.com\/index.php\/wp-json\/wp\/v2\/tags?post=64412"}],"curies":[{"name":"wp","href":"https:\/\/api.w.org\/{rel}","templated":true}]}}