{"id":64404,"date":"2020-07-20T13:37:00","date_gmt":"2020-07-20T16:37:00","guid":{"rendered":"https:\/\/www.actualidadadiario.com\/?p=64404"},"modified":"2020-07-30T16:02:42","modified_gmt":"2020-07-30T19:02:42","slug":"diputados-tratara-un-proyecto-para-incentivar-la-produccion-agroecologica","status":"publish","type":"post","link":"https:\/\/www.actualidadadiario.com\/index.php\/2020\/07\/20\/diputados-tratara-un-proyecto-para-incentivar-la-produccion-agroecologica\/","title":{"rendered":"Diputados tratar\u00e1 un proyecto para incentivar la producci\u00f3n agroecol\u00f3gica"},"content":{"rendered":"<p style=\"text-align: center;\"><em><strong>La Comisi\u00f3n de Recursos Naturales y Ambiente de la C\u00e1mara de Diputados se reunir\u00e1 este mi\u00e9rcoles para avanzar en el tratamiento de un proyecto de ley que apunta a \u00abfomentar, incentivar y desarrollar Sistemas de Producci\u00f3n Agroecol\u00f3gica\u00bb<\/strong><\/em><\/p>\n<p>&nbsp;<\/p>\n<p>La iniciativa ya cuenta con media sanci\u00f3n del Senado entrerriano. La reuni\u00f3n de la comisi\u00f3n legislativa se realizar\u00e1 v\u00eda zoom este mi\u00e9rcoles a las 10.<\/p>\n<p>Uno de los temas que se abordar\u00e1 es un proyecto de ley impulsado por el entonces senador provincia \u00c1ngel Giano que apunta \u00abfomentar, incentivar y desarrollar Sistemas de Producci\u00f3n Agroecol\u00f3gica mediante la regulaci\u00f3n, promoci\u00f3n, capacitaci\u00f3n e impulso de pr\u00e1cticas, actividades, procesos de producci\u00f3n, comercializaci\u00f3n y consumo de alimentos saludables, como as\u00ed tambi\u00e9n contribuir a hacer sostenible el manejo ecol\u00f3gico de los bienes productivos, impulsar una estrategia de soberan\u00eda alimentaria, de conservaci\u00f3n de los recursos naturales y potenciar la adaptaci\u00f3n de las comunidades como actores sociales capaces de planificar su propio desarrollo\u00bb.<\/p>\n<p>Luego define a la Producci\u00f3n Agroecol\u00f3gica como \u00abel conjunto de pr\u00e1cticas basadas en el dise\u00f1o, desarrollo y gesti\u00f3n de sistemas agr\u00edcolas sustentables y tecnolog\u00edas apropiadas, respetando la diversidad natural y social de los ecosistemas locales, la diversidad de cultivos y la revalorizaci\u00f3n de pr\u00e1cticas tradicionales, sin la utilizaci\u00f3n de insumos de s\u00edntesis qu\u00edmica, ni O.G.M (Organismos Gen\u00e9ticamente Modificados)\u00bb.<\/p>\n<p>\u00abEstas disposiciones son aplicables a productores que en el espacio urbano o rural, individual u organizadamente, implementen o tengan inter\u00e9s en desarrollar sistemas de producci\u00f3n agroecol\u00f3gica, a trav\u00e9s de pr\u00e1cticas productivas sustentables\u00bb, se\u00f1ala la iniciativa.<\/p>\n<p>&nbsp;<\/p>\n<p><strong>Gesti\u00f3n estatal sustentable<\/strong><\/p>\n<p>La Comisi\u00f3n de Recursos Naturales y Ambiente de la C\u00e1mara de Diputados tambi\u00e9n abordar\u00e1 un proyecto, impulsado por la legisladora Carina Ramos, que dispone \u00abpautas y normas generales para la clasificaci\u00f3n en origen de los Residuos S\u00f3lidos Urbanos que se generen dentro de las dependencias del sector p\u00fablico en el territorio de la provincia, en complementariedad a lo dispuesto por la Ley N\u00b0 10.311 de Gesti\u00f3n de Residuos S\u00f3lido Urbanos\u00bb.<\/p>\n","protected":false},"excerpt":{"rendered":"<p>La Comisi\u00f3n de Recursos Naturales y Ambiente de la C\u00e1mara de Diputados se reunir\u00e1 este mi\u00e9rcoles para avanzar en el tratamiento de un proyecto de ley que apunta a \u00abfomentar, incentivar y desarrollar Sistemas de Producci\u00f3n Agroecol\u00f3gica\u00bb &nbsp; La iniciativa ya cuenta con media sanci\u00f3n del Senado entrerriano. La reuni\u00f3n de la comisi\u00f3n legislativa se realizar\u00e1 v\u00eda zoom este mi\u00e9rcoles a las 10. Uno de los temas que se abordar\u00e1 es un proyecto de ley impulsado por el entonces senador provincia \u00c1ngel Giano que apunta \u00abfomentar, incentivar y desarrollar Sistemas&#8230;<\/p>\n","protected":false},"author":3,"featured_media":64405,"comment_status":"closed","ping_status":"closed","sticky":false,"template":"","format":"standard","meta":[],"categories":[15],"tags":[],"_links":{"self":[{"href":"https:\/\/www.actualidadadiario.com\/index.php\/wp-json\/wp\/v2\/posts\/64404"}],"collection":[{"href":"https:\/\/www.actualidadadiario.com\/index.php\/wp-json\/wp\/v2\/posts"}],"about":[{"href":"https:\/\/www.actualidadadiario.com\/index.php\/wp-json\/wp\/v2\/types\/post"}],"author":[{"embeddable":true,"href":"https:\/\/www.actualidadadiario.com\/index.php\/wp-json\/wp\/v2\/users\/3"}],"replies":[{"embeddable":true,"href":"https:\/\/www.actualidadadiario.com\/index.php\/wp-json\/wp\/v2\/comments?post=64404"}],"version-history":[{"count":1,"href":"https:\/\/www.actualidadadiario.com\/index.php\/wp-json\/wp\/v2\/posts\/64404\/revisions"}],"predecessor-version":[{"id":64406,"href":"https:\/\/www.actualidadadiario.com\/index.php\/wp-json\/wp\/v2\/posts\/64404\/revisions\/64406"}],"wp:featuredmedia":[{"embeddable":true,"href":"https:\/\/www.actualidadadiario.com\/index.php\/wp-json\/wp\/v2\/media\/64405"}],"wp:attachment":[{"href":"https:\/\/www.actualidadadiario.com\/index.php\/wp-json\/wp\/v2\/media?parent=64404"}],"wp:term":[{"taxonomy":"category","embeddable":true,"href":"https:\/\/www.actualidadadiario.com\/index.php\/wp-json\/wp\/v2\/categories?post=64404"},{"taxonomy":"post_tag","embeddable":true,"href":"https:\/\/www.actualidadadiario.com\/index.php\/wp-json\/wp\/v2\/tags?post=64404"}],"curies":[{"name":"wp","href":"https:\/\/api.w.org\/{rel}","templated":true}]}}