{"id":64397,"date":"2020-07-20T13:33:53","date_gmt":"2020-07-20T16:33:53","guid":{"rendered":"https:\/\/www.actualidadadiario.com\/?p=64397"},"modified":"2020-07-30T16:02:42","modified_gmt":"2020-07-30T19:02:42","slug":"estamos-administrando-con-mucha-austeridad-los-pocos-recursos-que-tenemos","status":"publish","type":"post","link":"https:\/\/www.actualidadadiario.com\/index.php\/2020\/07\/20\/estamos-administrando-con-mucha-austeridad-los-pocos-recursos-que-tenemos\/","title":{"rendered":"\u201cEstamos administrando con mucha austeridad los pocos recursos que tenemos\u201d"},"content":{"rendered":"<p style=\"text-align: center;\"><em><strong>Lo dijo el gobernador Gustavo Bordet al referirse a la situaci\u00f3n econ\u00f3mica de la provincia. Adelant\u00f3 que reactivar\u00e1 la obra p\u00fablica para generar empleo y sostuvo que ser\u00e1 clave la exportaci\u00f3n de alimentos<\/strong><\/em><\/p>\n<p>&nbsp;<\/p>\n<p>&nbsp;<\/p>\n<p>Bordet se refiri\u00f3 al panorama econ\u00f3mico para el pr\u00f3ximo semestre y sostuvo: \u201cHay una ca\u00edda muy fuerte de los recursos, producto de que hay una baja de la actividad econ\u00f3mica que es notoria; estamos pensando para la pospandemia en reactivar la obra p\u00fablica para generar trabajo. Tambi\u00e9n hay programas de Naci\u00f3n que est\u00e1n a punto de aplicarse en este sentido y tambi\u00e9n trabajar codo a codo con instituciones&#8221;.<\/p>\n<p>Coment\u00f3 que este jueves mantuvo una videoconferencia con el sector industrial, \u201cque est\u00e1 planteando un plan de exportaciones para la pospandemia y coincidimos en que para la Regi\u00f3n Centro y para una provincia productora de alimentos como es Entre R\u00edos, eso resulta clave para que podamos tener desarrollo productivo y empleo. Pero tambi\u00e9n vemos con preocupaci\u00f3n que hay sectores que han perdido su capital de trabajo, donde claramente el sector de turismo es el m\u00e1s perjudicado\u201d.<\/p>\n<p>\u201cTransmit\u00ed al Ministro de Turismo de Naci\u00f3n esta preocupaci\u00f3n y me coment\u00f3 de programas que est\u00e1n por salir para auxiliar al sector\u201d, dijo y asegur\u00f3 que \u201cva a haber un Estado presente trabajando codo a codo con el sector privado para que no se caiga la actividad econ\u00f3mica y que el producto bruto amortig\u00fce su ca\u00edda; y que por otro lado se sostenga el empleo que es lo que m\u00e1s nos preocupa\u201d.<\/p>\n<p>Y finaliz\u00f3: \u201cDesde las arcas p\u00fablicas va a ser muy dif\u00edcil; estamos administrando con mucha austeridad los pocos recursos que tenemos para poder hacer frente a nuestros compromisos, que es el pago de sueldos y jubilaciones, pero tambi\u00e9n asignamos recursos a obra p\u00fablica porque ah\u00ed es donde est\u00e1 el trabajo de muchos entrerrianos, en el sector de la construcci\u00f3n, que hace que podamos sostener en la pospandemia fuentes de ingreso\u201d.<\/p>\n","protected":false},"excerpt":{"rendered":"<p>Lo dijo el gobernador Gustavo Bordet al referirse a la situaci\u00f3n econ\u00f3mica de la provincia. Adelant\u00f3 que reactivar\u00e1 la obra p\u00fablica para generar empleo y sostuvo que ser\u00e1 clave la exportaci\u00f3n de alimentos &nbsp; &nbsp; Bordet se refiri\u00f3 al panorama econ\u00f3mico para el pr\u00f3ximo semestre y sostuvo: \u201cHay una ca\u00edda muy fuerte de los recursos, producto de que hay una baja de la actividad econ\u00f3mica que es notoria; estamos pensando para la pospandemia en reactivar la obra p\u00fablica para generar trabajo. Tambi\u00e9n hay programas de Naci\u00f3n que est\u00e1n a punto&#8230;<\/p>\n","protected":false},"author":3,"featured_media":62165,"comment_status":"closed","ping_status":"closed","sticky":false,"template":"","format":"standard","meta":[],"categories":[15],"tags":[],"_links":{"self":[{"href":"https:\/\/www.actualidadadiario.com\/index.php\/wp-json\/wp\/v2\/posts\/64397"}],"collection":[{"href":"https:\/\/www.actualidadadiario.com\/index.php\/wp-json\/wp\/v2\/posts"}],"about":[{"href":"https:\/\/www.actualidadadiario.com\/index.php\/wp-json\/wp\/v2\/types\/post"}],"author":[{"embeddable":true,"href":"https:\/\/www.actualidadadiario.com\/index.php\/wp-json\/wp\/v2\/users\/3"}],"replies":[{"embeddable":true,"href":"https:\/\/www.actualidadadiario.com\/index.php\/wp-json\/wp\/v2\/comments?post=64397"}],"version-history":[{"count":1,"href":"https:\/\/www.actualidadadiario.com\/index.php\/wp-json\/wp\/v2\/posts\/64397\/revisions"}],"predecessor-version":[{"id":64398,"href":"https:\/\/www.actualidadadiario.com\/index.php\/wp-json\/wp\/v2\/posts\/64397\/revisions\/64398"}],"wp:featuredmedia":[{"embeddable":true,"href":"https:\/\/www.actualidadadiario.com\/index.php\/wp-json\/wp\/v2\/media\/62165"}],"wp:attachment":[{"href":"https:\/\/www.actualidadadiario.com\/index.php\/wp-json\/wp\/v2\/media?parent=64397"}],"wp:term":[{"taxonomy":"category","embeddable":true,"href":"https:\/\/www.actualidadadiario.com\/index.php\/wp-json\/wp\/v2\/categories?post=64397"},{"taxonomy":"post_tag","embeddable":true,"href":"https:\/\/www.actualidadadiario.com\/index.php\/wp-json\/wp\/v2\/tags?post=64397"}],"curies":[{"name":"wp","href":"https:\/\/api.w.org\/{rel}","templated":true}]}}