{"id":64387,"date":"2020-07-17T17:46:19","date_gmt":"2020-07-17T20:46:19","guid":{"rendered":"https:\/\/www.actualidadadiario.com\/?p=64387"},"modified":"2020-07-30T16:02:42","modified_gmt":"2020-07-30T19:02:42","slug":"bolsonaro-quedo-en-la-mira-de-la-haya-por-su-gestion-del-coronavirus","status":"publish","type":"post","link":"https:\/\/www.actualidadadiario.com\/index.php\/2020\/07\/17\/bolsonaro-quedo-en-la-mira-de-la-haya-por-su-gestion-del-coronavirus\/","title":{"rendered":"Bolsonaro qued\u00f3 en la mira de La Haya por su gesti\u00f3n del coronavirus"},"content":{"rendered":"<p style=\"text-align: center;\"><em><strong>El pasado fin de semana, el juez Gilmar Mendes denunci\u00f3 que el Ej\u00e9rcito, al ocupar puestos clave en la cartera de Salud, est\u00e1 provocando un &#8220;genocidio&#8221; en el pa\u00eds. Esas declaraciones le valieron el repudio generalizado de la casta militar<\/strong><\/em><\/p>\n<p>&nbsp;<\/p>\n<p>&nbsp;<\/p>\n<p>El juez del Supremo Tribunal Federal (STF) de Brasil, Gilmar Mendes, le advirti\u00f3 al presidente Jair Bolsonaro que podr\u00eda ser juzgado en la Corte de La Haya por su gesti\u00f3n de la pandemia de coronavirus. En medio de fuertes cr\u00edticas por el desempe\u00f1o del general Eduardo Pazuello, a cargo del ministerio de Salud desde mayo, Bolsonaro habl\u00f3 por tel\u00e9fono con Mendes, en un di\u00e1logo que definieron como &#8220;cordial&#8221;. El pasado fin de semana, Mendes hab\u00eda denunciado que el Ej\u00e9rcito, al ocupar puestos clave en la cartera de Salud, est\u00e1 provocando un &#8220;genocidio&#8221; en el pa\u00eds. Apelando al sentido com\u00fan, consider\u00f3 que las pol\u00edticas p\u00fablicas de salud deber\u00edan quedar en manos de expertos en la materia. Esas declaraciones le valieron el repudio generalizado de la casta militar, que lleg\u00f3 a anteponer una demanda contra el juez. Bolsonaro, que el mi\u00e9rcoles revel\u00f3 que volvi\u00f3 a dar positivo de covid-19, rechaza la cuarentena y el uso obligatorio de tapabocas mientras el pa\u00eds ara\u00f1a los dos millones de contagios por covid-19 y supera los 75 mil muertos en el peor momento de la pandemia.<\/p>\n<p>Gilmar Mendes se enter\u00f3 de la posibilidad de que Bolsonaro podr\u00eda llegar a ser procesado por la Corte Penal Internacional de La Haya gracias a conversaciones que mantuvo en Portugal, donde se encuentra atravesando el receso judicial. Sus interlocutores afirmaron estar horrorizados por la imagen que arroja el pa\u00eds ante el mundo por la gesti\u00f3n de la pandemia.<\/p>\n<p>El mes pasado, La Haya inici\u00f3 el an\u00e1lisis de una denuncia presentada por el Partido Democr\u00e1tico Trabalhista, del excandidato presidencial Ciro Gomes. El sitio especializado en asuntos jur\u00eddicos Conjur explic\u00f3 que el principio del an\u00e1lisis no significa que Bolsonaro ya est\u00e9 siendo formalmente investigado por el tribunal internacional.<\/p>\n<p>La conversaci\u00f3n telef\u00f3nica entre Bolsonaro y el juez Mendes tuvo lugar en el contexto de una fuerte pol\u00e9mica sobre el nombramiento del general Eduardo Pazuello en el ministerio de Salud. Mendes declar\u00f3 la semana pasada que el Ej\u00e9rcito de Brasil ser\u00eda c\u00f3mplice de un genocidio al ceder a un general en actividad para que comande la pol\u00edtica del pa\u00eds frente a la covid-19.<\/p>\n<p>El ministerio de Defensa respondi\u00f3 a sus declaraciones y, en una nota firmada por los comandantes de las tres Fuerzas, habl\u00f3 de &#8220;acusaciones graves, infundadas, irresponsables y sobre todo fr\u00edvolas&#8221;. La cartera tambi\u00e9n present\u00f3 una demanda contra el juez del STF en la Fiscal\u00eda General de la Rep\u00fablica.<\/p>\n<p>En los \u00faltimos d\u00edas, Mendes recibi\u00f3 el apoyo de colegas de la Corte, entidades como el Colegio de Abogados de Brasil e incluso de algunos oficiales del Ej\u00e9rcito molestos con la presencia de militares en un \u00e1rea tan distante a sus intereses como lo es la salud, revel\u00f3 el diario Folha de S\u00e3o Paulo .<\/p>\n<p>El mi\u00e9rcoles, al revelar que una nueva prueba de coronavirus hab\u00eda resultado positiva, Bolsonaro sali\u00f3 a respaldar con \u00e9nfasis a Pazuello. &#8220;Quiso el destino que el general Pazuello asumiera en el ministerio de Salud en mayo. Con 5.500 funcionarios en el ministerio, el general llev\u00f3 s\u00f3lo 15 militares a la cartera. Ese grupo ya lo acompa\u00f1aba desde antes de los Juegos Ol\u00edmpicos de R\u00edo&#8221;, asegur\u00f3 el presidente en sus redes sociales. En 2016, el flamante ministro estuvo a cargo de la coordinaci\u00f3n log\u00edstica de las tropas del Ej\u00e9rcito brasile\u00f1o desplegadas en el evento deportivo.<\/p>\n<p>El presidente continu\u00f3 su mensaje diciendo que &#8220;Pazuello es un hombre predestinado, que en los momentos dif\u00edciles siempre est\u00e1 en el lugar justo para servir de la mejor manera a su patria. Nuestro Ej\u00e9rcito se enorgullece de ese noble soldado&#8221;. Medios locales informaron que Bolsonaro inst\u00f3 a Pazuello a llamar directamente a Mendes para contarle lo que se estaba haciendo en el pa\u00eds para combatir la a pandemia.<\/p>\n<p>El jurista confirm\u00f3 la existencia de esa llamada, y tal como sucedi\u00f3 con Bolsonaro, dio por zanjados los reproches al se\u00f1alar que la conversaci\u00f3n se dio en buenos t\u00e9rminos. Mendes, sin embargo, no se disculp\u00f3 con Pazuello por sus dichos, algo que la casta militar esperaba con ansias.<\/p>\n<p>El ministerio de Salud est\u00e1 ocupado de forma interina desde mayo por Pazuello, un militar sin experiencia sanitaria que coloc\u00f3 en puestos clave a m\u00e1s de una docena de militares. Sin convocar a conferencias de prensa ni brindar pr\u00e1cticamente entrevistas, bajo su gesti\u00f3n el ministerio pas\u00f3 a recomendar en notas t\u00e9cnicas el uso de hidroxicloroquina incluso para pacientes leves de covid-19.<\/p>\n<p>Ninguno de los antecesores en el cargo, los m\u00e9dicos Luiz Henrique Mandetta y Nelson Teich, aceptaron considerar este medicamento como una opci\u00f3n para luchar contra la pandemia, tal como exig\u00eda constantemente Bolsonaro. Por ese y otros motivos terminaron afuera del gobierno.<\/p>\n<p>&#8220;Pazuello asumi\u00f3 el cargo de manera interina y ha estado en el trabajo por dos meses. Creo que dentro de un mes, en agosto, Bolsonaro regresar\u00e1 de la cuarentena y analizar\u00e1 otros nombres&#8221;, dijo en una entrevista con el sitio UOL el vicepresidente de Brasil, el general Hamilton Mour\u00e3o, dejando entrever que Pazuello tendr\u00eda los d\u00edas contados.<\/p>\n<p>El ministro de Salud, sin embargo, no descarta extender su estad\u00eda temporal en el gobierno hasta fin de a\u00f1o para reestructurar el ministerio, si as\u00ed lo desea Bolsonaro, aunque mira con nostalgia sus d\u00edas al mando del Comando Militar del Amazonas. Pazuello es citado por colegas gubernamentales y secretarios de salud locales como un funcionario m\u00e1s influyente que su antecesor en el cargo, Nelson Teich.<\/p>\n<p>Desde que tom\u00f3 las riendas del ministerio, Pazuello tom\u00f3 varias decisiones que cumplen a rajataba con los mandatos del presidente brasile\u00f1o, destac\u00f3 el diario Estad\u00e3o. Adem\u00e1s de publicar pautas para el uso de la cloroquina frente a los primeros s\u00edntomas del nuevo coronavirus, el ministerio dej\u00f3 de defender los beneficios del distanciamento social, una medida recomendada por la Organizaci\u00f3n Mundial de la Salud que ning\u00fan pa\u00eds del mundo, a esta altura de la pandemia, pone en tela de juicio.<\/p>\n","protected":false},"excerpt":{"rendered":"<p>El pasado fin de semana, el juez Gilmar Mendes denunci\u00f3 que el Ej\u00e9rcito, al ocupar puestos clave en la cartera de Salud, est\u00e1 provocando un &#8220;genocidio&#8221; en el pa\u00eds. Esas declaraciones le valieron el repudio generalizado de la casta militar &nbsp; &nbsp; El juez del Supremo Tribunal Federal (STF) de Brasil, Gilmar Mendes, le advirti\u00f3 al presidente Jair Bolsonaro que podr\u00eda ser juzgado en la Corte de La Haya por su gesti\u00f3n de la pandemia de coronavirus. En medio de fuertes cr\u00edticas por el desempe\u00f1o del general Eduardo Pazuello, a&#8230;<\/p>\n","protected":false},"author":3,"featured_media":64388,"comment_status":"closed","ping_status":"closed","sticky":false,"template":"","format":"standard","meta":[],"categories":[4],"tags":[],"_links":{"self":[{"href":"https:\/\/www.actualidadadiario.com\/index.php\/wp-json\/wp\/v2\/posts\/64387"}],"collection":[{"href":"https:\/\/www.actualidadadiario.com\/index.php\/wp-json\/wp\/v2\/posts"}],"about":[{"href":"https:\/\/www.actualidadadiario.com\/index.php\/wp-json\/wp\/v2\/types\/post"}],"author":[{"embeddable":true,"href":"https:\/\/www.actualidadadiario.com\/index.php\/wp-json\/wp\/v2\/users\/3"}],"replies":[{"embeddable":true,"href":"https:\/\/www.actualidadadiario.com\/index.php\/wp-json\/wp\/v2\/comments?post=64387"}],"version-history":[{"count":1,"href":"https:\/\/www.actualidadadiario.com\/index.php\/wp-json\/wp\/v2\/posts\/64387\/revisions"}],"predecessor-version":[{"id":64389,"href":"https:\/\/www.actualidadadiario.com\/index.php\/wp-json\/wp\/v2\/posts\/64387\/revisions\/64389"}],"wp:featuredmedia":[{"embeddable":true,"href":"https:\/\/www.actualidadadiario.com\/index.php\/wp-json\/wp\/v2\/media\/64388"}],"wp:attachment":[{"href":"https:\/\/www.actualidadadiario.com\/index.php\/wp-json\/wp\/v2\/media?parent=64387"}],"wp:term":[{"taxonomy":"category","embeddable":true,"href":"https:\/\/www.actualidadadiario.com\/index.php\/wp-json\/wp\/v2\/categories?post=64387"},{"taxonomy":"post_tag","embeddable":true,"href":"https:\/\/www.actualidadadiario.com\/index.php\/wp-json\/wp\/v2\/tags?post=64387"}],"curies":[{"name":"wp","href":"https:\/\/api.w.org\/{rel}","templated":true}]}}