{"id":64381,"date":"2020-07-17T17:43:55","date_gmt":"2020-07-17T20:43:55","guid":{"rendered":"https:\/\/www.actualidadadiario.com\/?p=64381"},"modified":"2020-07-30T16:02:51","modified_gmt":"2020-07-30T19:02:51","slug":"la-hora-de-la-verdad-en-europa-arranca-tensa-cumbre-para-definir-el-plan-pospandemia","status":"publish","type":"post","link":"https:\/\/www.actualidadadiario.com\/index.php\/2020\/07\/17\/la-hora-de-la-verdad-en-europa-arranca-tensa-cumbre-para-definir-el-plan-pospandemia\/","title":{"rendered":"La &#8220;hora de la verdad&#8221; en Europa: arranca tensa cumbre para definir el plan pospandemia"},"content":{"rendered":"<p style=\"text-align: center;\"><em><strong>Alemania admiti\u00f3 que las diferencias entre los pa\u00edses &#8220;son muy grandes&#8221; y se esperan negociaciones &#8220;muy dif\u00edciles&#8221;. Bruselas propuso un plan de unos u$s840.000 millones para salir de la crisis postcoronavirus<\/strong><\/em><\/p>\n<p>&nbsp;<\/p>\n<p>&nbsp;<\/p>\n<p>Los mandatarios de la Uni\u00f3n Europea (UE) iniciaron este viernes unas &#8220;negociaciones muy dif\u00edciles&#8221; sobre su multimillonario plan de reconstrucci\u00f3n poscoronavirus, cuyos detalles generan rechazo en algunos miembros como Pa\u00edses Bajos, entre llamados a actuar con celeridad ante la recesi\u00f3n.<\/p>\n<p>&#8220;Tengo que decir que las diferencias [entre los dirigentes] son todav\u00eda muy, muy grandes (&#8230;) Espero negociaciones muy dif\u00edciles&#8221;, dijo a su llegada a la reuni\u00f3n la canciller alemana, Angela Merkel, cuyo pa\u00eds ejerce la presidencia pro t\u00e9mpore de la UE.<\/p>\n<p>La cumbre es la primera presencial desde que el nuevo coronavirus golpeara con fuerza Europa, donde mat\u00f3 a m\u00e1s de 200.000 personas y, a nivel econ\u00f3mico, se traducir\u00e1 por una contracci\u00f3n del 8,3% del PIB de la UE, seg\u00fan la Comisi\u00f3n Europea.<\/p>\n<p>Aunque la presidenta del Banco Central Europeo (BCE), Christine Lagarde, llam\u00f3 la v\u00edspera a ponerse de acuerdo &#8220;r\u00e1pidamente&#8221; sobre un &#8220;paquete ambicioso&#8221; porque &#8220;no hay tiempo que perder&#8221;, las expectativas al inicio de la cumbre de dos d\u00edas son bajas.<\/p>\n<p>Las posibilidades de un acuerdo son &#8220;menos del 50%&#8221;, estim\u00f3 el primer ministro holand\u00e9s, Mark Rutte, cuyas exigencias sobre el fondo lo convirtieron en el hombre a convencer. &#8220;La calidad es m\u00e1s importante que la rapidez. Ser\u00e1 un trabajo duro&#8221;, asegur\u00f3.<\/p>\n<p>Para sacar a la UE de la recesi\u00f3n, Bruselas propuso un plan de 750.000 millones de euros (unos u$s840.000 millones), monto que tomar\u00eda prestado en los mercados en nombre de los 27 creando as\u00ed deuda com\u00fan, un hito en la historia del proyecto europeo.<\/p>\n<p>Pero la propuesta de consenso del jefe del Consejo Europeo, Charles Michel, que ser\u00e1 la base de la negociaci\u00f3n de la cumbre tras varias rondas de consultas, no logr\u00f3 terminar con todas las reticencias, sobre todo de los llamados pa\u00edses &#8220;frugales&#8221;.<\/p>\n<p>El volumen del fondo y su distribuci\u00f3n entre medio bill\u00f3n de euros de ayudas y 250.000 millones de pr\u00e9stamos son las cr\u00edticas principales de Dinamarca, Suecia, Austria y Pa\u00edses Bajos, que reclaman sobre todo m\u00e1s cr\u00e9ditos y menos subvenciones.<\/p>\n<p>&#8220;Es la hora de la verdad (&#8230;) para Europa. Estamos viviendo una crisis in\u00e9dita&#8221; que &#8220;requiere mucha m\u00e1s solidaridad y ambici\u00f3n&#8221;, urgi\u00f3 el presidente franc\u00e9s, Emmanuel Macron, expresando su voluntad de trabajar por un acuerdo junto a Merkel y Michel.<\/p>\n<p>La principal batalla ser\u00e1 qu\u00e9 condiciones pedir a cambio de la ayuda y c\u00f3mo controlar su aplicaci\u00f3n. La Haya reclama que los 27 por unanimidad den luz verde al desembolso, un reclamo que despierta el fantasma de la &#8216;troika&#8217; de la pasada crisis de la deuda.<\/p>\n<p>Rutte expres\u00f3 su apoyo a la &#8220;solidaridad&#8221;, pero defendi\u00f3 que se pueda pedir a los pa\u00edses receptores que hagan &#8220;todo lo posible&#8221; para ser m\u00e1s resilientes ante una futura crisis, aplicando &#8220;reformas en el mercado laboral o en las pensiones&#8221;.<\/p>\n<p>Aunque las instituciones europeas se han esforzado en dejar claro que ning\u00fan pa\u00eds es culpable de la pandemia, La Haya retoma la ret\u00f3rica de la pasada crisis, seg\u00fan la cual los pa\u00edses del sur, con un mayor nivel de deuda, no hicieron las reformas suficientes.<\/p>\n<p>El plan de Michel prev\u00e9 que los pa\u00edses que quieran la ayuda deben presentar un plan nacional de recuperaci\u00f3n que tenga en cuenta las recomendaciones anuales de la Comisi\u00f3n y la transici\u00f3n ecol\u00f3gica y digital.<\/p>\n<p>Los 27 deber\u00edan aprobar por mayor\u00eda el desembolso.<\/p>\n<p>En el campo de las condiciones, Hungr\u00eda y Polonia, en el punto de mira por pol\u00e9micas leyes sobre la justicia o las oeneg\u00e9s, reclaman abandonar la idea de vincular el desembolso de los fondos a la situaci\u00f3n del Estado de derecho.<\/p>\n<p>&#8220;No estamos de acuerdo con el tratamiento arbitrario del Estado de derecho&#8221;, dijo el primer ministro polaco, Mateusz Morawiecki, a la agencia PAP. Su par h\u00fangaro, Viktor Orban, amenaz\u00f3 d\u00edas atr\u00e1s con vetar cualquier decisi\u00f3n si el v\u00ednculo permanece.<\/p>\n<p>El debate sobre el fondo, clave para los pa\u00edses del sur de la UE m\u00e1s castigados por la pandemia y con mayores niveles de deuda como Espa\u00f1a e Italia, se suma a la negociaci\u00f3n sobre el presupuesto com\u00fan de la UE.<\/p>\n<p>Las discusiones sobre el Marco Financiero Plurianual (MFP) 2021-2027, el primero sin el Reino Unido, se saldaron en febrero con un sonoro fracaso, en parte por los reclamos de los &#8220;frugales&#8221;, adeptos del rigor fiscal, de reducir su cuant\u00eda.<\/p>\n<p>Para intentar lograr su apoyo, Michel abog\u00f3 por un presupuesto de 1,074 billones de euros, 20.000 millones menos que en febrero. Y, adem\u00e1s, mantiene la reducci\u00f3n en sus contribuciones, los llamados &#8220;cheques&#8221;, a los cuatro pa\u00edses frugales y a Alemania.<\/p>\n","protected":false},"excerpt":{"rendered":"<p>Alemania admiti\u00f3 que las diferencias entre los pa\u00edses &#8220;son muy grandes&#8221; y se esperan negociaciones &#8220;muy dif\u00edciles&#8221;. Bruselas propuso un plan de unos u$s840.000 millones para salir de la crisis postcoronavirus &nbsp; &nbsp; Los mandatarios de la Uni\u00f3n Europea (UE) iniciaron este viernes unas &#8220;negociaciones muy dif\u00edciles&#8221; sobre su multimillonario plan de reconstrucci\u00f3n poscoronavirus, cuyos detalles generan rechazo en algunos miembros como Pa\u00edses Bajos, entre llamados a actuar con celeridad ante la recesi\u00f3n. &#8220;Tengo que decir que las diferencias [entre los dirigentes] son todav\u00eda muy, muy grandes (&#8230;) Espero negociaciones&#8230;<\/p>\n","protected":false},"author":3,"featured_media":64382,"comment_status":"closed","ping_status":"closed","sticky":false,"template":"","format":"standard","meta":[],"categories":[4],"tags":[],"_links":{"self":[{"href":"https:\/\/www.actualidadadiario.com\/index.php\/wp-json\/wp\/v2\/posts\/64381"}],"collection":[{"href":"https:\/\/www.actualidadadiario.com\/index.php\/wp-json\/wp\/v2\/posts"}],"about":[{"href":"https:\/\/www.actualidadadiario.com\/index.php\/wp-json\/wp\/v2\/types\/post"}],"author":[{"embeddable":true,"href":"https:\/\/www.actualidadadiario.com\/index.php\/wp-json\/wp\/v2\/users\/3"}],"replies":[{"embeddable":true,"href":"https:\/\/www.actualidadadiario.com\/index.php\/wp-json\/wp\/v2\/comments?post=64381"}],"version-history":[{"count":1,"href":"https:\/\/www.actualidadadiario.com\/index.php\/wp-json\/wp\/v2\/posts\/64381\/revisions"}],"predecessor-version":[{"id":64383,"href":"https:\/\/www.actualidadadiario.com\/index.php\/wp-json\/wp\/v2\/posts\/64381\/revisions\/64383"}],"wp:featuredmedia":[{"embeddable":true,"href":"https:\/\/www.actualidadadiario.com\/index.php\/wp-json\/wp\/v2\/media\/64382"}],"wp:attachment":[{"href":"https:\/\/www.actualidadadiario.com\/index.php\/wp-json\/wp\/v2\/media?parent=64381"}],"wp:term":[{"taxonomy":"category","embeddable":true,"href":"https:\/\/www.actualidadadiario.com\/index.php\/wp-json\/wp\/v2\/categories?post=64381"},{"taxonomy":"post_tag","embeddable":true,"href":"https:\/\/www.actualidadadiario.com\/index.php\/wp-json\/wp\/v2\/tags?post=64381"}],"curies":[{"name":"wp","href":"https:\/\/api.w.org\/{rel}","templated":true}]}}