{"id":64375,"date":"2020-07-17T17:42:13","date_gmt":"2020-07-17T20:42:13","guid":{"rendered":"https:\/\/www.actualidadadiario.com\/?p=64375"},"modified":"2020-07-30T16:02:51","modified_gmt":"2020-07-30T19:02:51","slug":"alberto-se-reunira-con-blackrock-y-otros-fondos-de-inversion","status":"publish","type":"post","link":"https:\/\/www.actualidadadiario.com\/index.php\/2020\/07\/17\/alberto-se-reunira-con-blackrock-y-otros-fondos-de-inversion\/","title":{"rendered":"Alberto se reunir\u00e1 con BlackRock y otros fondos de inversi\u00f3n"},"content":{"rendered":"<p style=\"text-align: center;\"><em><strong>El Presidente participar\u00e1 del Council of the Am\u00e9ricas, donde estar\u00e1n los gestores de los principales fondos del mundo<\/strong><\/em><\/p>\n<p>&nbsp;<\/p>\n<p>&nbsp;<\/p>\n<p>El presidente Alberto Fern\u00e1ndez se ver\u00e1 las caras (v\u00eda zoom) con los principales popes de Wall Street. Lo har\u00e1 el martes, en el marco del Council of the Americas, que esta vez, ser\u00e1 virtual. La cita est\u00e1 confirmada por altas fuentes de la Casa Rosada y tendr\u00e1 lugar en plena negociaci\u00f3n por la reestructuraci\u00f3n de la deuda con los acreedores externos.<\/p>\n<p>Se descuenta la presencia (a la distancia) de Larry Fink, el titular del fondo BlackRock que gestiona activos de clientes de un centenar de pa\u00edses por 7,4 billones de d\u00f3lares, 14 veces el PBI argentino. Tambi\u00e9n Abigail Johnson, la titular de Fidelity, con sede en Boston, que gestiona activos por 2,4 billones de d\u00f3lares. Mark Coombs (Ashmore) y Emmanuel Roman (PIMCO) est\u00e1n en la lista.<\/p>\n<p>Por supuesto, en la Casa Rosada daban por confirmada la asistencia del mexicano David Mart\u00ednez, del fondo Fintech quien asistir\u00e1 al encuentro. No estaba confirmado Robert Koenigsberger, del fondo Gramercy, especializado en mercados emergentes.<\/p>\n<p>La convocatoria fue realizada por el embajador Jorge Arguello y la tradicional Susan Sigal. La lista era extensa y hab\u00eda buena predisposici\u00f3n para sumar m\u00e1s asistentes.<\/p>\n<p>\u201cYa se han cursado las invitaciones a toda la comunidad financiera de Nueva York y por supuesto tambi\u00e9n a todos los miembros del Council\u201d, le dijo el embajador Arguello a \u00c1mbito. \u201cLa expectativa es mucha porque no s\u00f3lo el presidente har\u00e1 su exposici\u00f3n, sino que adem\u00e1s ha decidido responder a las preguntas que le hagan los asistentes al encuentro y eso es un gesto que se valora mucho entre toda la comunidad\u201d, sostuvo.<\/p>\n<p>La charla tambi\u00e9n ser\u00e1 emitida por streaming, por lo que descuentas que las definiciones del Presidente tendr\u00e1n una amplia cobertura medi\u00e1tica tanto en los Estados Unidos como tambi\u00e9n en la Argentina.<\/p>\n<p>La idea de la Casa Rosada es que el Presidente exponga sobre la situaci\u00f3n econ\u00f3mica y social de la Argentina y la intenci\u00f3n de adherir a una pol\u00edtica de sustentabilidad con respecto al pago de la deuda.<\/p>\n","protected":false},"excerpt":{"rendered":"<p>El Presidente participar\u00e1 del Council of the Am\u00e9ricas, donde estar\u00e1n los gestores de los principales fondos del mundo &nbsp; &nbsp; El presidente Alberto Fern\u00e1ndez se ver\u00e1 las caras (v\u00eda zoom) con los principales popes de Wall Street. Lo har\u00e1 el martes, en el marco del Council of the Americas, que esta vez, ser\u00e1 virtual. La cita est\u00e1 confirmada por altas fuentes de la Casa Rosada y tendr\u00e1 lugar en plena negociaci\u00f3n por la reestructuraci\u00f3n de la deuda con los acreedores externos. Se descuenta la presencia (a la distancia) de Larry&#8230;<\/p>\n","protected":false},"author":3,"featured_media":64376,"comment_status":"closed","ping_status":"closed","sticky":false,"template":"","format":"standard","meta":[],"categories":[18],"tags":[],"_links":{"self":[{"href":"https:\/\/www.actualidadadiario.com\/index.php\/wp-json\/wp\/v2\/posts\/64375"}],"collection":[{"href":"https:\/\/www.actualidadadiario.com\/index.php\/wp-json\/wp\/v2\/posts"}],"about":[{"href":"https:\/\/www.actualidadadiario.com\/index.php\/wp-json\/wp\/v2\/types\/post"}],"author":[{"embeddable":true,"href":"https:\/\/www.actualidadadiario.com\/index.php\/wp-json\/wp\/v2\/users\/3"}],"replies":[{"embeddable":true,"href":"https:\/\/www.actualidadadiario.com\/index.php\/wp-json\/wp\/v2\/comments?post=64375"}],"version-history":[{"count":1,"href":"https:\/\/www.actualidadadiario.com\/index.php\/wp-json\/wp\/v2\/posts\/64375\/revisions"}],"predecessor-version":[{"id":64377,"href":"https:\/\/www.actualidadadiario.com\/index.php\/wp-json\/wp\/v2\/posts\/64375\/revisions\/64377"}],"wp:featuredmedia":[{"embeddable":true,"href":"https:\/\/www.actualidadadiario.com\/index.php\/wp-json\/wp\/v2\/media\/64376"}],"wp:attachment":[{"href":"https:\/\/www.actualidadadiario.com\/index.php\/wp-json\/wp\/v2\/media?parent=64375"}],"wp:term":[{"taxonomy":"category","embeddable":true,"href":"https:\/\/www.actualidadadiario.com\/index.php\/wp-json\/wp\/v2\/categories?post=64375"},{"taxonomy":"post_tag","embeddable":true,"href":"https:\/\/www.actualidadadiario.com\/index.php\/wp-json\/wp\/v2\/tags?post=64375"}],"curies":[{"name":"wp","href":"https:\/\/api.w.org\/{rel}","templated":true}]}}