{"id":64372,"date":"2020-07-17T17:38:58","date_gmt":"2020-07-17T20:38:58","guid":{"rendered":"https:\/\/www.actualidadadiario.com\/?p=64372"},"modified":"2020-07-30T16:02:51","modified_gmt":"2020-07-30T19:02:51","slug":"el-gobierno-creo-el-consejo-de-coordinacion-de-politicas-sociales","status":"publish","type":"post","link":"https:\/\/www.actualidadadiario.com\/index.php\/2020\/07\/17\/el-gobierno-creo-el-consejo-de-coordinacion-de-politicas-sociales\/","title":{"rendered":"El Gobierno cre\u00f3 el Consejo de Coordinaci\u00f3n de Pol\u00edticas Sociales"},"content":{"rendered":"<p style=\"text-align: center;\"><em><strong>El Gobierno nacional cre\u00f3 el Consejo de Coordinaci\u00f3n de Pol\u00edticas Sociales, con el objeto de constituir un \u00e1mbito de planificaci\u00f3n y coordinaci\u00f3n de la pol\u00edtica social nacional. Buscan mejorar la gesti\u00f3n de gobierno, mediante la formulaci\u00f3n de pol\u00edticas y la definici\u00f3n de cursos de acci\u00f3n coordinados e integrales, optimizando la asignaci\u00f3n de los recursos<\/strong><\/em><\/p>\n<p>&nbsp;<\/p>\n<p>La medida fue publicada este viernes en el Bolet\u00edn Oficial, mediante el decreto 598\/2020. As\u00ed, este Consejo deber\u00e1 brindar asistencia a la Jefatura de Gabinete en la definici\u00f3n de los grupos tenidos en cuenta para su inclusi\u00f3n en programas, planes y proyectos sociales. La gesti\u00f3n de pol\u00edticas, y coordinaci\u00f3n con las provincias. Adem\u00e1s, crear\u00e1 nuevas estrategias de intervenci\u00f3n y establecer\u00e1 los criterios para las selecciones de recursos.<\/p>\n<p>Asimismo, seg\u00fan el Gobierno, tendr\u00e1 competencia en el dise\u00f1o y la elaboraci\u00f3n de una canasta b\u00e1sica saludable, diagn\u00f3sticos de las necesidades de protecci\u00f3n contra el hambre y la generaci\u00f3n de canales de comercializaci\u00f3n de alimentos. Tambi\u00e9n tendr\u00e1 entre sus funciones la elaboraci\u00f3n de diagn\u00f3sticos y propuestas para la ampliaci\u00f3n de la red de agua potable<\/p>\n<p>Seg\u00fan destaca la norma, este Consejo difundir\u00e1 las evaluaciones realizadas en el marco del Plan Anual de Monitoreo y Evaluaci\u00f3n de Pol\u00edticas y Programas Sociales. En este sentido, tendr\u00e1 que asistir en la coordinaci\u00f3n de pol\u00edticas, programas, planes y proyectos sociales en materia de cooperaci\u00f3n y financiamiento internacional.<\/p>\n<p>El decreto aprobado por el presidente Alberto Fern\u00e1ndez, prev\u00e9 que este Consejo lleve adelante el monitoreo y evaluaci\u00f3n de pol\u00edticas, programas, planes y proyectos sociales. Tambi\u00e9n entender en las funciones \u201ccomo organismo rector a nivel nacional en materia de registraci\u00f3n y relevamiento de personas, hogares y asentamientos, beneficiarios potenciales y actuales de prestaciones sociales\u201d.<\/p>\n","protected":false},"excerpt":{"rendered":"<p>El Gobierno nacional cre\u00f3 el Consejo de Coordinaci\u00f3n de Pol\u00edticas Sociales, con el objeto de constituir un \u00e1mbito de planificaci\u00f3n y coordinaci\u00f3n de la pol\u00edtica social nacional. Buscan mejorar la gesti\u00f3n de gobierno, mediante la formulaci\u00f3n de pol\u00edticas y la definici\u00f3n de cursos de acci\u00f3n coordinados e integrales, optimizando la asignaci\u00f3n de los recursos &nbsp; La medida fue publicada este viernes en el Bolet\u00edn Oficial, mediante el decreto 598\/2020. As\u00ed, este Consejo deber\u00e1 brindar asistencia a la Jefatura de Gabinete en la definici\u00f3n de los grupos tenidos en cuenta para&#8230;<\/p>\n","protected":false},"author":3,"featured_media":64373,"comment_status":"closed","ping_status":"closed","sticky":false,"template":"","format":"standard","meta":[],"categories":[18],"tags":[],"_links":{"self":[{"href":"https:\/\/www.actualidadadiario.com\/index.php\/wp-json\/wp\/v2\/posts\/64372"}],"collection":[{"href":"https:\/\/www.actualidadadiario.com\/index.php\/wp-json\/wp\/v2\/posts"}],"about":[{"href":"https:\/\/www.actualidadadiario.com\/index.php\/wp-json\/wp\/v2\/types\/post"}],"author":[{"embeddable":true,"href":"https:\/\/www.actualidadadiario.com\/index.php\/wp-json\/wp\/v2\/users\/3"}],"replies":[{"embeddable":true,"href":"https:\/\/www.actualidadadiario.com\/index.php\/wp-json\/wp\/v2\/comments?post=64372"}],"version-history":[{"count":1,"href":"https:\/\/www.actualidadadiario.com\/index.php\/wp-json\/wp\/v2\/posts\/64372\/revisions"}],"predecessor-version":[{"id":64374,"href":"https:\/\/www.actualidadadiario.com\/index.php\/wp-json\/wp\/v2\/posts\/64372\/revisions\/64374"}],"wp:featuredmedia":[{"embeddable":true,"href":"https:\/\/www.actualidadadiario.com\/index.php\/wp-json\/wp\/v2\/media\/64373"}],"wp:attachment":[{"href":"https:\/\/www.actualidadadiario.com\/index.php\/wp-json\/wp\/v2\/media?parent=64372"}],"wp:term":[{"taxonomy":"category","embeddable":true,"href":"https:\/\/www.actualidadadiario.com\/index.php\/wp-json\/wp\/v2\/categories?post=64372"},{"taxonomy":"post_tag","embeddable":true,"href":"https:\/\/www.actualidadadiario.com\/index.php\/wp-json\/wp\/v2\/tags?post=64372"}],"curies":[{"name":"wp","href":"https:\/\/api.w.org\/{rel}","templated":true}]}}