{"id":64370,"date":"2020-07-17T17:38:10","date_gmt":"2020-07-17T20:38:10","guid":{"rendered":"https:\/\/www.actualidadadiario.com\/?p=64370"},"modified":"2020-07-30T16:02:51","modified_gmt":"2020-07-30T19:02:51","slug":"juntos-por-el-cambio-le-pide-al-gobierno-mas-planes-sociales","status":"publish","type":"post","link":"https:\/\/www.actualidadadiario.com\/index.php\/2020\/07\/17\/juntos-por-el-cambio-le-pide-al-gobierno-mas-planes-sociales\/","title":{"rendered":"Juntos por el Cambio le pide al Gobierno m\u00e1s planes sociales"},"content":{"rendered":"<p style=\"text-align: center;\"><em><strong>Diputados nacionales de Juntos por el Cambio presentaron un proyecto de ley para solicitar al Poder Ejecutivo que se le d\u00e9 continuidad al Programa de Asistencia de Emergencia al Trabajo y la Producci\u00f3n (ATP). El ATP sirve para empleadores y trabajadores afectados por la emergencia sanitaria durante la vigencia de las medidas de aislamiento obligatorio, y por un plazo de noventa d\u00edas m\u00e1s, una vez dispuesto el cese de la emergencia por coronavirus<\/strong><\/em><\/p>\n<p>&nbsp;<\/p>\n<p>La diputada radical Dolores Mart\u00ednez destac\u00f3: \u201cEl ATP ha constituido un gran aliciente para diversos sectores que se han visto enormemente perjudicados por la crisis econ\u00f3mica ocasionada por la pandemia y por ello consideramos que deber\u00eda extenderse su vigencia, pensando en la crisis que ya se asoma en la pos pandemia, motivo por el cual instamos su continuidad\u201c. La polit\u00f3loga radical fue quien present\u00f3 la iniciativa.<\/p>\n<p>Martines asegur\u00f3 que siguiendo esa l\u00ednea, \u201cdentro de la emergencia y los tiempos que la pandemia impone, tratar de plantear horizontes de mayores plazos, crear algo de estabilidad y previsibilidad\u201d. Tambi\u00e9n afirm\u00f3 que: \u201cHoy los beneficios se renuevan mensualmente y al l\u00edmite. Con cierta temporalidad pre establecida se pueden planificar\u201d. La iniciativa est\u00e1 acompa\u00f1ada por la firma de 31 diputados de Juntos por el Cambio.<\/p>\n<p>El proyecto continuar\u00eda facilitando a empleadores poder pagar sueldos solventando hasta el 50 por ciento del gasto que tienen sobre los pagos a sus empleados. La medida es el aval y la continuaci\u00f3n a un plan social que apunta a que no cierren empresas, y que los empleados puedan seguir percibiendo sus sueldos en \u00e9pocas donde la pandemia y la crisis social y econ\u00f3mica recae duramente en el pa\u00eds.<\/p>\n<p>La iniciativa est\u00e1 firmada por las diputadas y los diputados: Brenda Austin; Carla Carrizo; Soledad Carrizo; Alejandro Cacace; Maximiliano Ferraro; \u00c1lvaro Gonz\u00e1lez; Jimena Latorre; Josefina Mendoza; Diego Mestre; Claudia Najul; Luis Petri; Carmen Polledo; Hugo Romero; Emiliano Yacobitti; Gonzalo Del Cerro; Camila Crescimbeni; Fabio Quetglas; A\u00edda Ayala; Gustavo Menna; Miguel Nanni; Roxana Reyes; Graciela Oca\u00f1a; Pablo Torello; Gabriela Burgos; Jorge Enriquez; Alicia Terada; Natalia Villa; Julio Sahad; Estela Regidor; Lidia Asc\u00e1rate y Ximena Garc\u00eda.<\/p>\n","protected":false},"excerpt":{"rendered":"<p>Diputados nacionales de Juntos por el Cambio presentaron un proyecto de ley para solicitar al Poder Ejecutivo que se le d\u00e9 continuidad al Programa de Asistencia de Emergencia al Trabajo y la Producci\u00f3n (ATP). El ATP sirve para empleadores y trabajadores afectados por la emergencia sanitaria durante la vigencia de las medidas de aislamiento obligatorio, y por un plazo de noventa d\u00edas m\u00e1s, una vez dispuesto el cese de la emergencia por coronavirus &nbsp; La diputada radical Dolores Mart\u00ednez destac\u00f3: \u201cEl ATP ha constituido un gran aliciente para diversos sectores&#8230;<\/p>\n","protected":false},"author":3,"featured_media":40929,"comment_status":"closed","ping_status":"closed","sticky":false,"template":"","format":"standard","meta":[],"categories":[18],"tags":[],"_links":{"self":[{"href":"https:\/\/www.actualidadadiario.com\/index.php\/wp-json\/wp\/v2\/posts\/64370"}],"collection":[{"href":"https:\/\/www.actualidadadiario.com\/index.php\/wp-json\/wp\/v2\/posts"}],"about":[{"href":"https:\/\/www.actualidadadiario.com\/index.php\/wp-json\/wp\/v2\/types\/post"}],"author":[{"embeddable":true,"href":"https:\/\/www.actualidadadiario.com\/index.php\/wp-json\/wp\/v2\/users\/3"}],"replies":[{"embeddable":true,"href":"https:\/\/www.actualidadadiario.com\/index.php\/wp-json\/wp\/v2\/comments?post=64370"}],"version-history":[{"count":1,"href":"https:\/\/www.actualidadadiario.com\/index.php\/wp-json\/wp\/v2\/posts\/64370\/revisions"}],"predecessor-version":[{"id":64371,"href":"https:\/\/www.actualidadadiario.com\/index.php\/wp-json\/wp\/v2\/posts\/64370\/revisions\/64371"}],"wp:featuredmedia":[{"embeddable":true,"href":"https:\/\/www.actualidadadiario.com\/index.php\/wp-json\/wp\/v2\/media\/40929"}],"wp:attachment":[{"href":"https:\/\/www.actualidadadiario.com\/index.php\/wp-json\/wp\/v2\/media?parent=64370"}],"wp:term":[{"taxonomy":"category","embeddable":true,"href":"https:\/\/www.actualidadadiario.com\/index.php\/wp-json\/wp\/v2\/categories?post=64370"},{"taxonomy":"post_tag","embeddable":true,"href":"https:\/\/www.actualidadadiario.com\/index.php\/wp-json\/wp\/v2\/tags?post=64370"}],"curies":[{"name":"wp","href":"https:\/\/api.w.org\/{rel}","templated":true}]}}