{"id":64359,"date":"2020-07-17T17:34:41","date_gmt":"2020-07-17T20:34:41","guid":{"rendered":"https:\/\/www.actualidadadiario.com\/?p=64359"},"modified":"2020-07-30T16:02:51","modified_gmt":"2020-07-30T19:02:51","slug":"el-anuncio-de-la-nueva-cuarentena-los-ejes-del-mensaje-de-alberto-fernandez","status":"publish","type":"post","link":"https:\/\/www.actualidadadiario.com\/index.php\/2020\/07\/17\/el-anuncio-de-la-nueva-cuarentena-los-ejes-del-mensaje-de-alberto-fernandez\/","title":{"rendered":"El anuncio de la nueva cuarentena: los ejes del mensaje de Alberto Fern\u00e1ndez"},"content":{"rendered":"<p style=\"text-align: center;\"><em><strong>Desde la Quinta de Olivos y junto a varios gobernadores, el presidente Alberto Fern\u00e1ndez anunci\u00f3 este viernes la extensi\u00f3n de la cuarentena. Esta nueva fase ir\u00e1 desde el 18 de julio hasta el 2 de agosto y estar\u00e1 marcada por la reapertura de actividades que hab\u00edan sido cerradas hace tres semanas ante el aumento de los casos de coronavirus en Argentina<\/strong><\/em><\/p>\n<p>&nbsp;<\/p>\n<p><strong>Las frases destacadas del anuncio de Alberto Fern\u00e1ndez<\/strong><\/p>\n<p>&#8220;Gracias a dios venimos cumpliendo los objetivos y nos permite tener cierto optimismo&#8221;<\/p>\n<p>&nbsp;<\/p>\n<p>&#8220;Seguimos estando en una buena situaci\u00f3n comparativa&#8221;<\/p>\n<p>&nbsp;<\/p>\n<p>&#8220;En el continente estamos en una situaci\u00f3n buena a pesar que han crecido los contagios en los \u00faltimos d\u00edas&#8221;<\/p>\n<p>&nbsp;<\/p>\n<p>&#8220;Lo cierto es que la Argentina tiene un buen resultado despu\u00e9s de un enorme esfuerzo&#8221;<\/p>\n<p>&nbsp;<\/p>\n<p>&#8220;En este tiempo buscamos que ning\u00fan argentino se quede sin atenci\u00f3n en la salud, y lo logramos&#8221;<\/p>\n<p>&nbsp;<\/p>\n<p>\u201cEstamos muy lejos de pensar que la situaci\u00f3n est\u00e1 superada. Necesitamos tener presente que el riesgo est\u00e1 latente\u201d<\/p>\n<p>&nbsp;<\/p>\n<p>\u201cEl AMBA se pone cada d\u00eda m\u00e1s rojo\u201d<\/p>\n<p>&nbsp;<\/p>\n<p>\u201cA pesar de los esfuerzos el riesgo de contagio existe\u201d<\/p>\n<p>&nbsp;<\/p>\n<p>\u201cLa duplicaci\u00f3n de casos est\u00e1 en 23,5 d\u00edas. Estamos cerca del mejor momento que tuvimos, que fueron de 25 d\u00edas. El AMBA duplicaba cada 14 d\u00edas, ahora lo hace cada 20\u201d<\/p>\n<p>&nbsp;<\/p>\n<p>\u201cLa ocupaci\u00f3n de camas creci\u00f3 del 56 al 64 por ciento del AMBA. Si no hubi\u00e9ramos trabajado para preparar el sistema de salud hoy estar\u00eda en el 72%\u201d<\/p>\n<p>&nbsp;<\/p>\n<p>\u201cTodo el esfuerzo no ha sido in\u00fatil. Por mucho que nos pese el aislamiento, esto es lo que nos permite todav\u00eda no caer en el riesgo de elegir qui\u00e9n vive y qui\u00e9n muere\u201d<\/p>\n<p>&nbsp;<\/p>\n<p>\u201cNosotros queremos seguir trabajando en la misma l\u00ednea\u201d<\/p>\n<p>&nbsp;<\/p>\n<p>\u201cVamos a ir tratando de volver a la vida en este nuevo mundo. Lo vamos a hacer escalonadamente\u201d<\/p>\n<p>&nbsp;<\/p>\n<p>\u201cQueremos que a nadie le falte una cama, un respirador si lo necesita. Si debemos volver atr\u00e1s lo haremos, y si hay que ajustar un poco m\u00e1s, ajustaremos\u201d<\/p>\n<p>&nbsp;<\/p>\n<p>\u201cQuiero que los argentinos nos hagamos cargo, no solo en el AMBA, si no donde los argentinos necesiten de nosotros\u201d<\/p>\n<p>&nbsp;<\/p>\n<p>\u201cTodo esto es exitoso por la unidad que tuvimos, nadie dej\u00f3 desamparado al de al lado, tenemos que seguir trabajando del mismo modo\u201d<\/p>\n","protected":false},"excerpt":{"rendered":"<p>Desde la Quinta de Olivos y junto a varios gobernadores, el presidente Alberto Fern\u00e1ndez anunci\u00f3 este viernes la extensi\u00f3n de la cuarentena. Esta nueva fase ir\u00e1 desde el 18 de julio hasta el 2 de agosto y estar\u00e1 marcada por la reapertura de actividades que hab\u00edan sido cerradas hace tres semanas ante el aumento de los casos de coronavirus en Argentina &nbsp; Las frases destacadas del anuncio de Alberto Fern\u00e1ndez &#8220;Gracias a dios venimos cumpliendo los objetivos y nos permite tener cierto optimismo&#8221; &nbsp; &#8220;Seguimos estando en una buena situaci\u00f3n&#8230;<\/p>\n","protected":false},"author":3,"featured_media":64360,"comment_status":"closed","ping_status":"closed","sticky":false,"template":"","format":"standard","meta":[],"categories":[9],"tags":[],"_links":{"self":[{"href":"https:\/\/www.actualidadadiario.com\/index.php\/wp-json\/wp\/v2\/posts\/64359"}],"collection":[{"href":"https:\/\/www.actualidadadiario.com\/index.php\/wp-json\/wp\/v2\/posts"}],"about":[{"href":"https:\/\/www.actualidadadiario.com\/index.php\/wp-json\/wp\/v2\/types\/post"}],"author":[{"embeddable":true,"href":"https:\/\/www.actualidadadiario.com\/index.php\/wp-json\/wp\/v2\/users\/3"}],"replies":[{"embeddable":true,"href":"https:\/\/www.actualidadadiario.com\/index.php\/wp-json\/wp\/v2\/comments?post=64359"}],"version-history":[{"count":1,"href":"https:\/\/www.actualidadadiario.com\/index.php\/wp-json\/wp\/v2\/posts\/64359\/revisions"}],"predecessor-version":[{"id":64361,"href":"https:\/\/www.actualidadadiario.com\/index.php\/wp-json\/wp\/v2\/posts\/64359\/revisions\/64361"}],"wp:featuredmedia":[{"embeddable":true,"href":"https:\/\/www.actualidadadiario.com\/index.php\/wp-json\/wp\/v2\/media\/64360"}],"wp:attachment":[{"href":"https:\/\/www.actualidadadiario.com\/index.php\/wp-json\/wp\/v2\/media?parent=64359"}],"wp:term":[{"taxonomy":"category","embeddable":true,"href":"https:\/\/www.actualidadadiario.com\/index.php\/wp-json\/wp\/v2\/categories?post=64359"},{"taxonomy":"post_tag","embeddable":true,"href":"https:\/\/www.actualidadadiario.com\/index.php\/wp-json\/wp\/v2\/tags?post=64359"}],"curies":[{"name":"wp","href":"https:\/\/api.w.org\/{rel}","templated":true}]}}