{"id":64356,"date":"2020-07-17T17:33:49","date_gmt":"2020-07-17T20:33:49","guid":{"rendered":"https:\/\/www.actualidadadiario.com\/?p=64356"},"modified":"2020-07-30T16:02:52","modified_gmt":"2020-07-30T19:02:52","slug":"con-mas-fondos-alberto-fortalece-alianza-con-gobernadores","status":"publish","type":"post","link":"https:\/\/www.actualidadadiario.com\/index.php\/2020\/07\/17\/con-mas-fondos-alberto-fortalece-alianza-con-gobernadores\/","title":{"rendered":"Con m\u00e1s fondos, Alberto fortalece alianza con gobernadores"},"content":{"rendered":"<p style=\"text-align: center;\"><em><strong>El relanzamiento el pasado 9 de julio de la alianza pol\u00edtica entre Alberto Fern\u00e1ndez y los gobernadores tuvo su continuidad esta semana de la mano de un fortalecimiento tambi\u00e9n de la asistencia financiera para hacer frente a las urgencias de caja que provoc\u00f3 la pandemia<\/strong><\/em><\/p>\n<p>&nbsp;<\/p>\n<p>&nbsp;<\/p>\n<p>Sin importar el signo pol\u00edtico, los mandatarios volvieron a agradecer no s\u00f3lo la decisi\u00f3n del Gobierno de darle continuidad a los planes de asistencia, como ATN, ATP e IFE, sino la premura por comenzar a saldar viejas deudas previsionales, un \u00edtem que atraviesa por igual a los 13 distritos que no transfirieron sus cajas jubilatorias (Buenos Aires, C\u00f3rdoba, Corrientes, Chaco, Chubut, Entre R\u00edos, Formosa, La Pampa, Misiones, Neuqu\u00e9n, Santa Cruz, Santa Fe y Tierra del Fuego).<\/p>\n<p>Hubo, en ese sentido, un gesto que no pas\u00f3 desapercibido. Pese a las diferencias pol\u00edticas y los cortocircuitos inocultables que mantuvo otrora con el cordob\u00e9s Juan Schiaretti, la Casa Rosada se puso al d\u00eda la semana pasada a trav\u00e9s del ANSES con los aportes previsionales mediante un \u00faltimo giro de 857 millones de pesos. No fue el \u00fanico gui\u00f1o al \u201cGringo\u201d Schiaretti: los fondos para compensar la Caja de Jubilaciones llegaron con otros 800 millones de pesos, en este caso en Aportes del Tesoro Nacional.<\/p>\n<p>Otro gobernador que esta semana tach\u00f3 un casillero en materia de deudas nacionales fue el santafesino Omar Perotti, que suscribi\u00f3 un acuerdo -v\u00eda teleconferencia con el Presidente y la titular de ANSES, Fernanda Raverta- por el cual la provincia recibir\u00e1 4.798 millones de pesos en siete cuotas mensuales para cubrir el d\u00e9ficit de su caja jubilatoria.<\/p>\n<p>La b\u00fasqueda de una reducci\u00f3n del d\u00e9ficit previsionales tambi\u00e9n alcanz\u00f3 al misionero Oscar Herrera Ahuad, quien anunci\u00f3 un convenio con el organismo nacional para saldar una deuda hist\u00f3rica por m\u00e1s de 1.500 millones de pesos.<\/p>\n<p>Por fuera de los fondos para las cajas de jubilaciones no transferidas, el Gobierno aceler\u00f3 esta semana el giro de otros auxilios financieros vitales para la oxigenaci\u00f3n de las resquebrajadas cuentas subnacionales.<\/p>\n<p>Este mi\u00e9rcoles fue el turno del chubutense Mariano Arcioni, quien, a trav\u00e9s de la Secretar\u00eda de Provincias del Ministerio del Interior, se asegur\u00f3 un mill\u00f3n de d\u00f3lares, en el marco del Programa de Asistencia Financiera, que ser\u00e1n destinados a fortalecer los sistemas de salud provinciales.<\/p>\n<p>Ayer, en tanto, por videoconferencia con los gobernadores de Jujuy, el radical Gerardo Morales; de La Rioja, Ricardo Quintela; de Tierra del Fuego, Gustavo Melella; y de Salta, Gustavo S\u00e1enz, el Gobierno sell\u00f3 otro acuerdo de asistencia del Fondo Fiduciario para el Desarrollo Provincial por m\u00e1s de 6.400 millones de pesos (Jujuy $2.500 M, La Rioja $556 M, Tierra del Fuego $1.500 M, y Salta $1.850 M).<\/p>\n<p>El programa de asistencia creado por Alberto Fern\u00e1ndez para hacer frente a las urgencias por la pandemia se compone de 60 mil millones de pesos de Aportes del Tesoro Nacional, canalizados por el Ministerio del Interior, otros 60 mil millones aportados por el FFDP, mediante el Ministerio de Econom\u00eda (pr\u00e9stamos en 36 cuotas que se empiezan a pagar en enero de 2021) y un pr\u00e9stamo de 65 millones de d\u00f3lares de la Corporaci\u00f3n Andina de Fomento y el Fonplata.<\/p>\n","protected":false},"excerpt":{"rendered":"<p>El relanzamiento el pasado 9 de julio de la alianza pol\u00edtica entre Alberto Fern\u00e1ndez y los gobernadores tuvo su continuidad esta semana de la mano de un fortalecimiento tambi\u00e9n de la asistencia financiera para hacer frente a las urgencias de caja que provoc\u00f3 la pandemia &nbsp; &nbsp; Sin importar el signo pol\u00edtico, los mandatarios volvieron a agradecer no s\u00f3lo la decisi\u00f3n del Gobierno de darle continuidad a los planes de asistencia, como ATN, ATP e IFE, sino la premura por comenzar a saldar viejas deudas previsionales, un \u00edtem que atraviesa&#8230;<\/p>\n","protected":false},"author":3,"featured_media":64357,"comment_status":"closed","ping_status":"closed","sticky":false,"template":"","format":"standard","meta":[],"categories":[9],"tags":[],"_links":{"self":[{"href":"https:\/\/www.actualidadadiario.com\/index.php\/wp-json\/wp\/v2\/posts\/64356"}],"collection":[{"href":"https:\/\/www.actualidadadiario.com\/index.php\/wp-json\/wp\/v2\/posts"}],"about":[{"href":"https:\/\/www.actualidadadiario.com\/index.php\/wp-json\/wp\/v2\/types\/post"}],"author":[{"embeddable":true,"href":"https:\/\/www.actualidadadiario.com\/index.php\/wp-json\/wp\/v2\/users\/3"}],"replies":[{"embeddable":true,"href":"https:\/\/www.actualidadadiario.com\/index.php\/wp-json\/wp\/v2\/comments?post=64356"}],"version-history":[{"count":1,"href":"https:\/\/www.actualidadadiario.com\/index.php\/wp-json\/wp\/v2\/posts\/64356\/revisions"}],"predecessor-version":[{"id":64358,"href":"https:\/\/www.actualidadadiario.com\/index.php\/wp-json\/wp\/v2\/posts\/64356\/revisions\/64358"}],"wp:featuredmedia":[{"embeddable":true,"href":"https:\/\/www.actualidadadiario.com\/index.php\/wp-json\/wp\/v2\/media\/64357"}],"wp:attachment":[{"href":"https:\/\/www.actualidadadiario.com\/index.php\/wp-json\/wp\/v2\/media?parent=64356"}],"wp:term":[{"taxonomy":"category","embeddable":true,"href":"https:\/\/www.actualidadadiario.com\/index.php\/wp-json\/wp\/v2\/categories?post=64356"},{"taxonomy":"post_tag","embeddable":true,"href":"https:\/\/www.actualidadadiario.com\/index.php\/wp-json\/wp\/v2\/tags?post=64356"}],"curies":[{"name":"wp","href":"https:\/\/api.w.org\/{rel}","templated":true}]}}