{"id":64353,"date":"2020-07-17T17:32:59","date_gmt":"2020-07-17T20:32:59","guid":{"rendered":"https:\/\/www.actualidadadiario.com\/?p=64353"},"modified":"2020-07-30T16:02:52","modified_gmt":"2020-07-30T19:02:52","slug":"investigan-posibles-nuevas-areas-de-transmision-comunitaria-de-coronavirus","status":"publish","type":"post","link":"https:\/\/www.actualidadadiario.com\/index.php\/2020\/07\/17\/investigan-posibles-nuevas-areas-de-transmision-comunitaria-de-coronavirus\/","title":{"rendered":"Investigan posibles nuevas \u00e1reas de transmisi\u00f3n comunitaria de coronavirus"},"content":{"rendered":"<p style=\"text-align: center;\"><em><strong>En el reporte oficial se indic\u00f3, adem\u00e1s, que fueron 3.624 los contagios de Covid-19 que se registraron ayer en la Argentina y 114.783 el total de infectados, con una tasa de incidencia de 253 casos cada 100.000 habitantes<\/strong><\/em><\/p>\n<p>&nbsp;<\/p>\n<p>&nbsp;<\/p>\n<p>El Ministerio de Salud inform\u00f3 esta ma\u00f1ana 21 nuevos fallecimientos por coronavirus en el pa\u00eds, lo que elev\u00f3 a 2.133 la cifra de muertos desde marzo, y anunci\u00f3 que se est\u00e1 investigando el &#8220;nexo epidemiol\u00f3gico&#8221; de casos reportados en las \u00faltimas horas en varias provincias, por lo que, en el caso de no hallarse el origen de los mismos, derivar\u00edan en la declaraci\u00f3n de nuevas \u00e1reas de transmisi\u00f3n comunitaria del virus.<\/p>\n<p>Al encabezar el reporte diario que emite la autoridad sanitaria, la secretaria de Acceso a la Salud, Carla Vizzotti, explic\u00f3 que si bien &#8220;no se han reportado nuevas \u00e1reas de transmisi\u00f3n comunitaria extendida&#8221;, se encuentra bajo investigaci\u00f3n epidemiol\u00f3gica la procedencia de nuevos casos que aparecieron en distintas jurisdicciones.<\/p>\n<p>&#8220;Si no se encuentra (el nexo que une al caso con la fuente de contagio) ah\u00ed es donde se define la transmisi\u00f3n comunitaria&#8221;, dijo Vizzotti en referencia a &#8220;un n\u00famero importante de brotes por conglomerado con un n\u00famero importante de casos&#8221;.<\/p>\n<p>Por otra parte, la funcionaria brind\u00f3 detalles sobre c\u00f3mo se contin\u00faa &#8220;escalando la estrategia&#8221; de abordaje territorial para la detecci\u00f3n precoz de casos sospechosos: el 1 de julio en Ciudad y provincia de Buenos Aires hab\u00eda 4.004 personas trabajando en el dispositivo Detectar y 15 d\u00edas despu\u00e9s eran 6.460.<\/p>\n<p>Se trata de m\u00e9dicos, enfermeros, voluntarios del sistema sanitarios y de universidades, personal de las distintas esferas estatales, 1.700 de ellos distribuidos en la Ciudad de Buenos Aires y 4.760 en la provincia.<\/p>\n<p>Vizzotti adem\u00e1s brind\u00f3 detalles sobre el encuentro que el presidente Alberto Fern\u00e1ndez mantuvo ayer con el comit\u00e9 de expertos que lo asesora y se\u00f1al\u00f3 que se recomend\u00f3 seguir trabajando en la atenci\u00f3n primaria y en la detecci\u00f3n precoz de los casos, cumpliendo las recomendaciones de distanciamiento social.<\/p>\n<p>Mientras tanto, se inform\u00f3 que, desde el \u00faltimo reporte emitido anoche se registr\u00f3 el fallecimiento 21 personas, 14 varones y 7 mujeres, con edades que oscilan entre los 32 y los 89 a\u00f1os.<\/p>\n<p>Son 10 los que contaban con residencia en la provincia de Buenos Aires, 10 en la Ciudad de Buenos Aires, y uno en C\u00f3rdoba.<\/p>\n<p>La tasa de mortalidad es de 46,5 personas cada mill\u00f3n de habitantes y el \u00edndice de letalidad de 1,8% sobre los casos confirmados.<\/p>\n<p>El 93,7% de los casos reportados ayer corresponden al \u00c1rea Metropolitana de Buenos aires (AMBA), conglomerado conformado por la Ciudad de Buenos Aires y los distritos bonaerenses que la circundan.<\/p>\n<p>Ese espacio geogr\u00e1fico concentra 92% de los 793 pacientes internados por esta dolencia en camas de terapia intensiva y posee un nivel de ocupaci\u00f3n de camas de cuidados cr\u00edticos 10 puntos por encima de la media nacional que se ubic\u00f3 en 53,9.<\/p>\n<p>De los 114.783 casos confirmados desde el inicio de la pandemia, 1.086 (0,9%) son importados, 37.225 (32,4%) son contactos estrechos de casos confirmados, 57.961 (50,5%) son casos de circulaci\u00f3n comunitaria y el resto se encuentra en investigaci\u00f3n epidemiol\u00f3gica.<\/p>\n<p>Ayer fueron realizadas 11.053 nuevas muestras y desde el inicio del brote se hicieron 519.281 pruebas diagn\u00f3sticas para esta enfermedad, lo que equivale a 11.443,8 muestras por mill\u00f3n de habitantes. A la fecha, el total de personas dadas de alta es de 49.780 personas.<\/p>\n","protected":false},"excerpt":{"rendered":"<p>En el reporte oficial se indic\u00f3, adem\u00e1s, que fueron 3.624 los contagios de Covid-19 que se registraron ayer en la Argentina y 114.783 el total de infectados, con una tasa de incidencia de 253 casos cada 100.000 habitantes &nbsp; &nbsp; El Ministerio de Salud inform\u00f3 esta ma\u00f1ana 21 nuevos fallecimientos por coronavirus en el pa\u00eds, lo que elev\u00f3 a 2.133 la cifra de muertos desde marzo, y anunci\u00f3 que se est\u00e1 investigando el &#8220;nexo epidemiol\u00f3gico&#8221; de casos reportados en las \u00faltimas horas en varias provincias, por lo que, en el&#8230;<\/p>\n","protected":false},"author":3,"featured_media":64354,"comment_status":"closed","ping_status":"closed","sticky":false,"template":"","format":"standard","meta":[],"categories":[2],"tags":[],"_links":{"self":[{"href":"https:\/\/www.actualidadadiario.com\/index.php\/wp-json\/wp\/v2\/posts\/64353"}],"collection":[{"href":"https:\/\/www.actualidadadiario.com\/index.php\/wp-json\/wp\/v2\/posts"}],"about":[{"href":"https:\/\/www.actualidadadiario.com\/index.php\/wp-json\/wp\/v2\/types\/post"}],"author":[{"embeddable":true,"href":"https:\/\/www.actualidadadiario.com\/index.php\/wp-json\/wp\/v2\/users\/3"}],"replies":[{"embeddable":true,"href":"https:\/\/www.actualidadadiario.com\/index.php\/wp-json\/wp\/v2\/comments?post=64353"}],"version-history":[{"count":1,"href":"https:\/\/www.actualidadadiario.com\/index.php\/wp-json\/wp\/v2\/posts\/64353\/revisions"}],"predecessor-version":[{"id":64355,"href":"https:\/\/www.actualidadadiario.com\/index.php\/wp-json\/wp\/v2\/posts\/64353\/revisions\/64355"}],"wp:featuredmedia":[{"embeddable":true,"href":"https:\/\/www.actualidadadiario.com\/index.php\/wp-json\/wp\/v2\/media\/64354"}],"wp:attachment":[{"href":"https:\/\/www.actualidadadiario.com\/index.php\/wp-json\/wp\/v2\/media?parent=64353"}],"wp:term":[{"taxonomy":"category","embeddable":true,"href":"https:\/\/www.actualidadadiario.com\/index.php\/wp-json\/wp\/v2\/categories?post=64353"},{"taxonomy":"post_tag","embeddable":true,"href":"https:\/\/www.actualidadadiario.com\/index.php\/wp-json\/wp\/v2\/tags?post=64353"}],"curies":[{"name":"wp","href":"https:\/\/api.w.org\/{rel}","templated":true}]}}