{"id":64351,"date":"2020-07-17T17:32:10","date_gmt":"2020-07-17T20:32:10","guid":{"rendered":"https:\/\/www.actualidadadiario.com\/?p=64351"},"modified":"2020-07-30T16:02:52","modified_gmt":"2020-07-30T19:02:52","slug":"precios-mayoristas-aumentaron-el-37-en-junio-impulsados-por-el-repunte-del-petroleo","status":"publish","type":"post","link":"https:\/\/www.actualidadadiario.com\/index.php\/2020\/07\/17\/precios-mayoristas-aumentaron-el-37-en-junio-impulsados-por-el-repunte-del-petroleo\/","title":{"rendered":"Precios mayoristas aumentaron el 3,7% en junio, impulsados por el repunte del petr\u00f3leo"},"content":{"rendered":"<p style=\"text-align: center;\"><em><strong>Impulsados sobre todo por un repunte en el valor del petr\u00f3leo, los precios mayoristas subieron en junio un 3,7%. En t\u00e9rminos interanuales, el incremento fue del 39,7%. Seg\u00fan detall\u00f3 el INDEC en el \u00edndice de precios internos al por mayor (IPIM), a diferencia de los meses anteriores, los \u201cproductos nacionales\u201d tuvieron un aumento (3,8%), por encima de los \u201cproductos importados\u201d (2,6%). Se debe, fundamentalmente, a la variaci\u00f3n del tipo de cambio<\/strong><\/em><\/p>\n<p>&nbsp;<\/p>\n<p>&nbsp;<\/p>\n<p>As\u00ed, el indicador se ubic\u00f3 por encima del salto del IPC (fue del 2,2%). \u201cLa emisi\u00f3n monetaria utilizada como financiamiento al fisco, en caso de no ser esterilizada, podr\u00eda impactar con mayor velocidad a los precios mayoristas, los cuales reaccionan m\u00e1s r\u00e1pido a los shocks que los minoristas. Dicho dato tambi\u00e9n estar\u00eda explicado por la mayor rapidez con la que se ve reflejada los ajustes de precios de los insumos. En consecuencia, la evoluci\u00f3n de los precios mayoristas podr\u00eda estar adelantando una futura aceleraci\u00f3n de la inflaci\u00f3n\u201d, aseguraron desde la consultora ACM.<\/p>\n<p>\u201c\u00bfEsta suba puede trasladarse al IPC? En parte s\u00ed y en parte no. En la inflaci\u00f3n mayorista est\u00e1n sobre-representados los bienes, ya que los servicios al por mayor es dif\u00edcil de consumir, no est\u00e1n all\u00ed representados (solamente est\u00e1n los servicios p\u00fablicos, que est\u00e1n con las tarifas congeladas). Adem\u00e1s, en los \u00faltimos meses los precios de los bienes subieron m\u00e1s que los servicios, tanto p\u00fablico como privado, en parte por la devaluaci\u00f3n de 2019 y en parte por la cuarentena. Por ese lado, no hay demasiado riesgo que se traslade\u201d, asegur\u00f3 a \u00c1mbito Mat\u00edas Rajnerman, economista jefe de Ecolatina, quien aclar\u00f3: \u201c\u00bfPor qu\u00e9 s\u00ed podr\u00eda trasladarse? Porque lo que muestra es que los bienes no van a desacelerarse en el corto plazo, sino m\u00e1s bien tender\u00e1n a acelerarse. Igual, va a depender de lo que pase con la cuarentena en el AMBA y con el factor cambiario. Definitivamente la inflaci\u00f3n mayorista genera una se\u00f1al de alerta. Pero no es necesariamente un indicador de lo que va a pasar\u201d.<\/p>\n<p>Petr\u00f3leo y gas fue el rubro que m\u00e1s creci\u00f3 en el \u00edndice, con un 28,6%. \u201cSe debe principalmente a factores externos: en junio se vio una fuerte recuperaci\u00f3n en el precio del petr\u00f3leo, a medida que en los pa\u00edses retornaban las actividades\u201d, sostuvo un informe de ACM, que concluy\u00f3: \u201cDentro del rubro de Productos Manufacturados se puede observar la heterogeneidad de la crisis sumado a las distintas velocidades en la reanudaci\u00f3n de la actividad entre los distintos sectores\u201d.<\/p>\n","protected":false},"excerpt":{"rendered":"<p>Impulsados sobre todo por un repunte en el valor del petr\u00f3leo, los precios mayoristas subieron en junio un 3,7%. En t\u00e9rminos interanuales, el incremento fue del 39,7%. Seg\u00fan detall\u00f3 el INDEC en el \u00edndice de precios internos al por mayor (IPIM), a diferencia de los meses anteriores, los \u201cproductos nacionales\u201d tuvieron un aumento (3,8%), por encima de los \u201cproductos importados\u201d (2,6%). Se debe, fundamentalmente, a la variaci\u00f3n del tipo de cambio &nbsp; &nbsp; As\u00ed, el indicador se ubic\u00f3 por encima del salto del IPC (fue del 2,2%). \u201cLa emisi\u00f3n monetaria&#8230;<\/p>\n","protected":false},"author":3,"featured_media":56226,"comment_status":"closed","ping_status":"closed","sticky":false,"template":"","format":"standard","meta":[],"categories":[2],"tags":[],"_links":{"self":[{"href":"https:\/\/www.actualidadadiario.com\/index.php\/wp-json\/wp\/v2\/posts\/64351"}],"collection":[{"href":"https:\/\/www.actualidadadiario.com\/index.php\/wp-json\/wp\/v2\/posts"}],"about":[{"href":"https:\/\/www.actualidadadiario.com\/index.php\/wp-json\/wp\/v2\/types\/post"}],"author":[{"embeddable":true,"href":"https:\/\/www.actualidadadiario.com\/index.php\/wp-json\/wp\/v2\/users\/3"}],"replies":[{"embeddable":true,"href":"https:\/\/www.actualidadadiario.com\/index.php\/wp-json\/wp\/v2\/comments?post=64351"}],"version-history":[{"count":1,"href":"https:\/\/www.actualidadadiario.com\/index.php\/wp-json\/wp\/v2\/posts\/64351\/revisions"}],"predecessor-version":[{"id":64352,"href":"https:\/\/www.actualidadadiario.com\/index.php\/wp-json\/wp\/v2\/posts\/64351\/revisions\/64352"}],"wp:featuredmedia":[{"embeddable":true,"href":"https:\/\/www.actualidadadiario.com\/index.php\/wp-json\/wp\/v2\/media\/56226"}],"wp:attachment":[{"href":"https:\/\/www.actualidadadiario.com\/index.php\/wp-json\/wp\/v2\/media?parent=64351"}],"wp:term":[{"taxonomy":"category","embeddable":true,"href":"https:\/\/www.actualidadadiario.com\/index.php\/wp-json\/wp\/v2\/categories?post=64351"},{"taxonomy":"post_tag","embeddable":true,"href":"https:\/\/www.actualidadadiario.com\/index.php\/wp-json\/wp\/v2\/tags?post=64351"}],"curies":[{"name":"wp","href":"https:\/\/api.w.org\/{rel}","templated":true}]}}