{"id":64344,"date":"2020-07-17T17:29:39","date_gmt":"2020-07-17T20:29:39","guid":{"rendered":"https:\/\/www.actualidadadiario.com\/?p=64344"},"modified":"2020-07-30T16:02:52","modified_gmt":"2020-07-30T19:02:52","slug":"el-gobierno-ultima-detalles-para-relanzar-el-plan-procrear","status":"publish","type":"post","link":"https:\/\/www.actualidadadiario.com\/index.php\/2020\/07\/17\/el-gobierno-ultima-detalles-para-relanzar-el-plan-procrear\/","title":{"rendered":"El Gobierno ultima detalles para relanzar el plan Procrear"},"content":{"rendered":"<p style=\"text-align: center;\"><em><strong>La decisi\u00f3n oficial es construir 5.500 nuevas viviendas que generar\u00e1n unos 75 mil puestos de trabajo entre este a\u00f1o y el pr\u00f3ximo. La iniciativa tiene el fin mitigar los efectos de la pandemia en la econom\u00eda<\/strong><\/em><\/p>\n<p>&nbsp;<\/p>\n<p>&nbsp;<\/p>\n<p>La ministra de Desarrollo Territorial y H\u00e1bitat, Mar\u00eda Eugenia Bielsa, anticip\u00f3 este jueves que el Gobierno relanzar\u00e1 el programa de viviendas Procrear, con el fin mitigar los efectos de la pandemia en la econom\u00eda.<\/p>\n<p>&#8220;Vamos a hacer un anuncio muy interesante y que va a entusiasmar mucho, como entre 2012 y 2015, cuando Procrear fue una oportunidad de acceder a la vivienda nueva para muchos argentinos&#8221;, resalt\u00f3 la funcionaria.<\/p>\n<p>En declaraciones radiales, Bielsa record\u00f3 que, al momento de asumir, se encontr\u00f3 con 11 mil viviendas -incluidas en el plan Procrear- que no fueron entregadas a sus beneficiarios.<\/p>\n<p>&#8220;Quedaron casi al 95% o al 80% sin terminar o necesitaban un nexo de conexi\u00f3n. Y tambi\u00e9n quedaron m\u00e1s de 8 mil lotes&#8221;, a\u00f1adi\u00f3.<\/p>\n<p>Ahora, la ministra coment\u00f3 que la decisi\u00f3n oficial es construir 5.500 nuevas viviendas, que generen unos 75 mil puestos de trabajo entre este a\u00f1o y el pr\u00f3ximo.<\/p>\n<p>&#8220;Esas 5.500 viviendas tienen un esp\u00edritu virtuoso en peque\u00f1os n\u00facleos, que adem\u00e1s hoy es una demanda que se ha acrecentado con la pandemia. Tiene un efecto multiplicador en localidades peque\u00f1as e intermedias, con consumo y empleo&#8221;, subray\u00f3.<\/p>\n<p>Y resalt\u00f3 tambi\u00e9n que la iniciativa incluye &#8220;conexiones domiciliarias, mejoramientos, conexiones de gas, lotes con servicios. Los trabajos que demanda una vivienda son muy variados&#8221;.<\/p>\n<p>Bielsa asegur\u00f3 que para avanzar con una nueva etapa del Procrear, &#8220;hemos acordado con todas las provincias. Es un programa fundamentalmente federal que tiene una r\u00e1pida llegada a cada una de las provincias y tiene varias l\u00edneas. Refacci\u00f3n de viviendas, ampliaci\u00f3n y construcci\u00f3n de viviendas y espacios multiuso&#8221;.<\/p>\n<p>&#8220;La iniciativa tiene tres objetivo r\u00e1pidos: impacto en la generaci\u00f3n de empleo, reactivaci\u00f3n econ\u00f3mica y soluciones que vienen a dar respuesta a algunas de las cuestiones que se han profundizado a partir de la crisis del Covid- 19. Ya los estamos poniendo en marcha&#8221;, concluy\u00f3.<\/p>\n","protected":false},"excerpt":{"rendered":"<p>La decisi\u00f3n oficial es construir 5.500 nuevas viviendas que generar\u00e1n unos 75 mil puestos de trabajo entre este a\u00f1o y el pr\u00f3ximo. La iniciativa tiene el fin mitigar los efectos de la pandemia en la econom\u00eda &nbsp; &nbsp; La ministra de Desarrollo Territorial y H\u00e1bitat, Mar\u00eda Eugenia Bielsa, anticip\u00f3 este jueves que el Gobierno relanzar\u00e1 el programa de viviendas Procrear, con el fin mitigar los efectos de la pandemia en la econom\u00eda. &#8220;Vamos a hacer un anuncio muy interesante y que va a entusiasmar mucho, como entre 2012 y 2015,&#8230;<\/p>\n","protected":false},"author":3,"featured_media":63886,"comment_status":"closed","ping_status":"closed","sticky":false,"template":"","format":"standard","meta":[],"categories":[2],"tags":[],"_links":{"self":[{"href":"https:\/\/www.actualidadadiario.com\/index.php\/wp-json\/wp\/v2\/posts\/64344"}],"collection":[{"href":"https:\/\/www.actualidadadiario.com\/index.php\/wp-json\/wp\/v2\/posts"}],"about":[{"href":"https:\/\/www.actualidadadiario.com\/index.php\/wp-json\/wp\/v2\/types\/post"}],"author":[{"embeddable":true,"href":"https:\/\/www.actualidadadiario.com\/index.php\/wp-json\/wp\/v2\/users\/3"}],"replies":[{"embeddable":true,"href":"https:\/\/www.actualidadadiario.com\/index.php\/wp-json\/wp\/v2\/comments?post=64344"}],"version-history":[{"count":1,"href":"https:\/\/www.actualidadadiario.com\/index.php\/wp-json\/wp\/v2\/posts\/64344\/revisions"}],"predecessor-version":[{"id":64345,"href":"https:\/\/www.actualidadadiario.com\/index.php\/wp-json\/wp\/v2\/posts\/64344\/revisions\/64345"}],"wp:featuredmedia":[{"embeddable":true,"href":"https:\/\/www.actualidadadiario.com\/index.php\/wp-json\/wp\/v2\/media\/63886"}],"wp:attachment":[{"href":"https:\/\/www.actualidadadiario.com\/index.php\/wp-json\/wp\/v2\/media?parent=64344"}],"wp:term":[{"taxonomy":"category","embeddable":true,"href":"https:\/\/www.actualidadadiario.com\/index.php\/wp-json\/wp\/v2\/categories?post=64344"},{"taxonomy":"post_tag","embeddable":true,"href":"https:\/\/www.actualidadadiario.com\/index.php\/wp-json\/wp\/v2\/tags?post=64344"}],"curies":[{"name":"wp","href":"https:\/\/api.w.org\/{rel}","templated":true}]}}