{"id":64339,"date":"2020-07-17T17:27:56","date_gmt":"2020-07-17T20:27:56","guid":{"rendered":"https:\/\/www.actualidadadiario.com\/?p=64339"},"modified":"2020-07-30T16:02:52","modified_gmt":"2020-07-30T19:02:52","slug":"preocupa-a-las-provincias-rebote-local-por-flexibilizacion-de-la-cuarentena-que-anunciara-amba","status":"publish","type":"post","link":"https:\/\/www.actualidadadiario.com\/index.php\/2020\/07\/17\/preocupa-a-las-provincias-rebote-local-por-flexibilizacion-de-la-cuarentena-que-anunciara-amba\/","title":{"rendered":"Preocupa a las provincias rebote local por flexibilizaci\u00f3n de la cuarentena que anunciar\u00e1 AMBA"},"content":{"rendered":"<p style=\"text-align: center;\"><em><strong>Incluso desde el Gobierno bonaerense vienen alertando por el impacto en C\u00f3rdoba o Rosario de una apertura. En Santa Fe creen que la medida les traer\u00e1 problemas y endurecer\u00e1n los controles<\/strong><\/em><\/p>\n<p>&nbsp;<\/p>\n<p>&nbsp;<\/p>\n<p>El nuevo diagrama del aislamiento con aperturas de actividades progresivas para el AMBA que anunciar\u00e1n el gobernador bonaerense Axel Kicillof y el jefe de Gobierno porte\u00f1o Horacio Rodr\u00edguez Larreta encendi\u00f3 alarmas en las provincias. Es que la mayor flexibilidad en la zona m\u00e1s comprometida del pa\u00eds respecto del Covid podr\u00eda generar un efecto domin\u00f3 en distritos que vienen sobrellevando la pandemia con cierto control.<\/p>\n<p>La preocupaci\u00f3n de los gobernadores no es antojadiza. El propio ministro de Salud de la provincia de Buenos Aires, Daniel Goll\u00e1n, hab\u00eda advertido la semana pasada: \u201cSi nosotros liberamos mucho el AMBA, estallan Rosario y C\u00f3rdoba\u201d. La alusi\u00f3n hac\u00eda referencia que una mayor circulaci\u00f3n podr\u00eda provocar que un contagiado de la Capital o del conurbano pudiese terminar en otra provincia, provocando una ola de contagios. Los antecedentes le dan la raz\u00f3n: repatriados y transportistas han llevado el Covid desde Buenos Aires a otros destinos. Catamarca, Salta, Santa Cruz o Tierra del Fuego son testigos.<\/p>\n<p>Por eso, ante el inminente anuncio de Rodr\u00edguez Larreta y Kicillof, las provincias buscar\u00e1n reforzar controles, en un fin de semana que tendr\u00e1 la preocupaci\u00f3n extra de evitar festejos clandestinos por el D\u00eda del Amigo este lunes.<\/p>\n<p>La ministra de Salud santafesina, Sonia Martorano, sostuvo al respecto: \u201cFlexibilizar Buenos Aires es un problema para Santa Fe\u201d. En el distrito gobernador por el peronista Omar Perotti ya ven\u00edan estableciendo rigurosas inspecciones el ingreso a la provincia en especial en la Ruta 9, y ahora se redoblar\u00e1n. Martorano agreg\u00f3: \u201cSi fuera ministra de Salud de Buenos Aires, no estar\u00eda de acuerdo con flexibilizar la cuarentena\u201d.<\/p>\n<p>Santa Fe tiene l\u00edmites con Buenos Aires y Chaco, con lo cual las fronteras son el eje central de las pol\u00edticas de contenci\u00f3n. Y Pablo Javkin, intendente de Rosario, la principal ciudad provincial, hab\u00eda respondido a los dichos de Goll\u00e1n, al afirmar que rosarinos que trabajan en establecimientos de Buenos Aires suelen ser transmisores del virus, si bien la situaci\u00f3n era \u201cinevitable\u201d.<\/p>\n<p>En la misma l\u00ednea, la preocupaci\u00f3n tambi\u00e9n es de los intendentes bonaerenses de localidades que no est\u00e1n en el conurbano. En ese sentido, Kicillof trabaja en delegar facultades a los municipios: si bien el Gobierno provincial dar\u00e1 el marco de actividades que se pueden habilitar, ser\u00e1n los jefes comunales quienes tendr\u00e1n en sus manos la decisi\u00f3n final.<\/p>\n<p>Y, en una entrevista publicada en este medio, Leticia Ceriani, subsecretaria del Ministerio de Salud bonaerense, dijo que las decisiones del Gobierno provincial decisiones son \u201cno solo para proteger a los que viven en el AMBA sino tambi\u00e9n al resto del pa\u00eds\u201d.<\/p>\n<p>En La Pampa, el gobernador Sergio Ziliotto (PJ) mencion\u00f3 que el pico de casos en AMBA los obligaba a ser cautos pese a ser la provincia con menos casos acumulados del pa\u00eds. Y el correntino Gustavo Vald\u00e9s (UCR) puso en dudas el inicio de clases en zonas urbanas de su provincia por \u201cel escenario dif\u00edcil que atraviesa Buenos Aires\u201d.<\/p>\n","protected":false},"excerpt":{"rendered":"<p>Incluso desde el Gobierno bonaerense vienen alertando por el impacto en C\u00f3rdoba o Rosario de una apertura. En Santa Fe creen que la medida les traer\u00e1 problemas y endurecer\u00e1n los controles &nbsp; &nbsp; El nuevo diagrama del aislamiento con aperturas de actividades progresivas para el AMBA que anunciar\u00e1n el gobernador bonaerense Axel Kicillof y el jefe de Gobierno porte\u00f1o Horacio Rodr\u00edguez Larreta encendi\u00f3 alarmas en las provincias. Es que la mayor flexibilidad en la zona m\u00e1s comprometida del pa\u00eds respecto del Covid podr\u00eda generar un efecto domin\u00f3 en distritos que&#8230;<\/p>\n","protected":false},"author":3,"featured_media":64110,"comment_status":"closed","ping_status":"closed","sticky":false,"template":"","format":"standard","meta":[],"categories":[9],"tags":[],"_links":{"self":[{"href":"https:\/\/www.actualidadadiario.com\/index.php\/wp-json\/wp\/v2\/posts\/64339"}],"collection":[{"href":"https:\/\/www.actualidadadiario.com\/index.php\/wp-json\/wp\/v2\/posts"}],"about":[{"href":"https:\/\/www.actualidadadiario.com\/index.php\/wp-json\/wp\/v2\/types\/post"}],"author":[{"embeddable":true,"href":"https:\/\/www.actualidadadiario.com\/index.php\/wp-json\/wp\/v2\/users\/3"}],"replies":[{"embeddable":true,"href":"https:\/\/www.actualidadadiario.com\/index.php\/wp-json\/wp\/v2\/comments?post=64339"}],"version-history":[{"count":1,"href":"https:\/\/www.actualidadadiario.com\/index.php\/wp-json\/wp\/v2\/posts\/64339\/revisions"}],"predecessor-version":[{"id":64340,"href":"https:\/\/www.actualidadadiario.com\/index.php\/wp-json\/wp\/v2\/posts\/64339\/revisions\/64340"}],"wp:featuredmedia":[{"embeddable":true,"href":"https:\/\/www.actualidadadiario.com\/index.php\/wp-json\/wp\/v2\/media\/64110"}],"wp:attachment":[{"href":"https:\/\/www.actualidadadiario.com\/index.php\/wp-json\/wp\/v2\/media?parent=64339"}],"wp:term":[{"taxonomy":"category","embeddable":true,"href":"https:\/\/www.actualidadadiario.com\/index.php\/wp-json\/wp\/v2\/categories?post=64339"},{"taxonomy":"post_tag","embeddable":true,"href":"https:\/\/www.actualidadadiario.com\/index.php\/wp-json\/wp\/v2\/tags?post=64339"}],"curies":[{"name":"wp","href":"https:\/\/api.w.org\/{rel}","templated":true}]}}