{"id":64333,"date":"2020-07-17T17:25:41","date_gmt":"2020-07-17T20:25:41","guid":{"rendered":"https:\/\/www.actualidadadiario.com\/?p=64333"},"modified":"2020-07-30T16:02:52","modified_gmt":"2020-07-30T19:02:52","slug":"la-mayoria-de-los-contagios-de-covid-se-da-en-los-jovenes","status":"publish","type":"post","link":"https:\/\/www.actualidadadiario.com\/index.php\/2020\/07\/17\/la-mayoria-de-los-contagios-de-covid-se-da-en-los-jovenes\/","title":{"rendered":"La mayor\u00eda de los contagios de Covid se da en los j\u00f3venes"},"content":{"rendered":"<p style=\"text-align: center;\"><em><strong>Desde el Ministerio de Salud se detall\u00f3 que entre los contagiados en la provincia predomina una franja etaria de j\u00f3venes entre 20 y 45 a\u00f1os. En tal sentido se reclam\u00f3 responsabilidad en este sector, especialmente ante la proximidad del D\u00eda del Amigo<\/strong><\/em><\/p>\n<p>&nbsp;<\/p>\n<p>El subsecretario de Redes Integradas de Salud, Marcos Bachetti, en el informe de situaci\u00f3n brindado este viernes desde la Casa de Gobierno, inst\u00f3 a los j\u00f3venes a evitar circular para no propagar el virus y llevarlo a las personas mayores que son los m\u00e1s vulnerables.<\/p>\n<p>En ese sentido se refiri\u00f3 a la proximidad del D\u00eda del Amigo y realiz\u00f3 una apelaci\u00f3n a los m\u00e1s j\u00f3venes. \u201cEs un llamado a la conciencia, todos tenemos ganas de juntarnos con nuestros amigos, no ha sido f\u00e1cil para ninguno de nosotros estar tantos meses aislados y no tener las reuniones sociales a las que est\u00e1bamos acostumbrados. La fecha del D\u00eda del Amigo sabemos que siempre fue importante para todos los j\u00f3venes, pero entendemos que es momento de redoblar los esfuerzos y no juntarnos. Podemos estar comunicados con nuestros amigos por otras v\u00edas y ser responsables. El esfuerzo individual es para todos\u201d, agreg\u00f3.<\/p>\n<p>&nbsp;<\/p>\n<p><strong>Nexos<\/strong><\/p>\n<p>En otro orden, Bachetti indic\u00f3 que hay un 5 o 6 por ciento de casos de coronavirus en la provincia a los que todav\u00eda no se les puede establecer el nexo epidemiol\u00f3gico, y aclar\u00f3 que sobre estos se contin\u00faa la investigaci\u00f3n. \u201cSi un caso positivo no tiene nexo epidemiol\u00f3gico, son varios d\u00edas los que se necesitan para la investigaci\u00f3n y poder determinar si existi\u00f3 alg\u00fan nexo o no&#8221;.<\/p>\n<p>Agreg\u00f3 que tanto en Paran\u00e1 como en Gualeguaych\u00fa, donde se registraron varios contagios en las \u00faltimas semanas, la mayor\u00eda tiene nexos epidemiol\u00f3gicos vinculados a casos anteriores, mientras que hay un peque\u00f1o porcentaje, del 5 o 6 por ciento, que todav\u00eda no se le ha podido establecer.<\/p>\n<p>&nbsp;<\/p>\n<p><strong>Fases<\/strong><\/p>\n<p>Por otro lado, se refiri\u00f3 a las variables que inciden para declarar las zonas de circulaci\u00f3n comunitaria y aclar\u00f3 que hay diferentes cuestiones a tener en cuenta. \u201cLa cuesti\u00f3n cuantitativa no es la \u00fanica variable para determinar el cambio de fase. El no hallar los nexos epidemiol\u00f3gicos es una de las variables que se toma al momento de reclasificar la situaci\u00f3n epidemiol\u00f3gica, pero no es la \u00fanica. El poder declarar a una zona de circulaci\u00f3n comunitaria tiene muchos condimentos, no es algo est\u00e1tico. Esa decisi\u00f3n no es cuantitativa sino que se toman las variables sociales, lo sanitario, el tipo de aglomerados, entre otros&#8221;, dijo Bachetti.<\/p>\n<p>Y agreg\u00f3: &#8220;D\u00eda a d\u00eda evaluamos la situaci\u00f3n. Cuando los casos sin nexo superen la capacidad de estudiarlos y hacer la vigilancia epidemiol\u00f3gica para llegar al nexo principal o ver retrospectivamente d\u00f3nde se contagi\u00f3 esa persona, la evaluaci\u00f3n ser\u00e1 otra y el cambio de fase se har\u00e1 cuando corresponda. Hoy es un peque\u00f1o porcentaje el que tenemos sin nexo, lo que nos preocupa y nos ocupa mucho a los sistemas de salud en la investigaci\u00f3n pero no es la \u00fanica variable que se toma para pasar de fase en la evoluci\u00f3n epidemiol\u00f3gica de una ciudad&#8221;, remarc\u00f3 Bachetti.<\/p>\n<p>&nbsp;<\/p>\n<p><strong>Internados<\/strong><\/p>\n<p>Por otro lado, inform\u00f3 que hay siete pacientes con coronavirus en estado grave en Entre R\u00edos, aunque estables, internados en Paran\u00e1 y Concordia.<\/p>\n<p>En tanto, al dar cuenta del la situaci\u00f3n actual, Bachetti inform\u00f3 que este viernes se registraron 24 nuevos casos en Entre R\u00edos, 16 de Gualeguaych\u00fa, seis de Paran\u00e1, uno de San Benito y otro de Chajar\u00ed. Indic\u00f3 que la mayor\u00eda tiene nexo epidemiol\u00f3gico probado y otros no, pero est\u00e1n en investigaci\u00f3n.<\/p>\n<p>Tambi\u00e9n dijo que, si bien la mayor\u00eda de los pacientes que se infecten con coronavirus cursan un estado cl\u00ednico muy leve, al no tomar los resguardos \u201cpueden llevar ese virus a nuestros abuelos, adultos mayores, o a las personas que tienen factores de riesgo, que son los que est\u00e1n expuestos a los desenlaces m\u00e1s graves&#8221;, alert\u00f3.<\/p>\n","protected":false},"excerpt":{"rendered":"<p>Desde el Ministerio de Salud se detall\u00f3 que entre los contagiados en la provincia predomina una franja etaria de j\u00f3venes entre 20 y 45 a\u00f1os. En tal sentido se reclam\u00f3 responsabilidad en este sector, especialmente ante la proximidad del D\u00eda del Amigo &nbsp; El subsecretario de Redes Integradas de Salud, Marcos Bachetti, en el informe de situaci\u00f3n brindado este viernes desde la Casa de Gobierno, inst\u00f3 a los j\u00f3venes a evitar circular para no propagar el virus y llevarlo a las personas mayores que son los m\u00e1s vulnerables. En ese&#8230;<\/p>\n","protected":false},"author":3,"featured_media":64334,"comment_status":"closed","ping_status":"closed","sticky":false,"template":"","format":"standard","meta":[],"categories":[15],"tags":[],"_links":{"self":[{"href":"https:\/\/www.actualidadadiario.com\/index.php\/wp-json\/wp\/v2\/posts\/64333"}],"collection":[{"href":"https:\/\/www.actualidadadiario.com\/index.php\/wp-json\/wp\/v2\/posts"}],"about":[{"href":"https:\/\/www.actualidadadiario.com\/index.php\/wp-json\/wp\/v2\/types\/post"}],"author":[{"embeddable":true,"href":"https:\/\/www.actualidadadiario.com\/index.php\/wp-json\/wp\/v2\/users\/3"}],"replies":[{"embeddable":true,"href":"https:\/\/www.actualidadadiario.com\/index.php\/wp-json\/wp\/v2\/comments?post=64333"}],"version-history":[{"count":1,"href":"https:\/\/www.actualidadadiario.com\/index.php\/wp-json\/wp\/v2\/posts\/64333\/revisions"}],"predecessor-version":[{"id":64335,"href":"https:\/\/www.actualidadadiario.com\/index.php\/wp-json\/wp\/v2\/posts\/64333\/revisions\/64335"}],"wp:featuredmedia":[{"embeddable":true,"href":"https:\/\/www.actualidadadiario.com\/index.php\/wp-json\/wp\/v2\/media\/64334"}],"wp:attachment":[{"href":"https:\/\/www.actualidadadiario.com\/index.php\/wp-json\/wp\/v2\/media?parent=64333"}],"wp:term":[{"taxonomy":"category","embeddable":true,"href":"https:\/\/www.actualidadadiario.com\/index.php\/wp-json\/wp\/v2\/categories?post=64333"},{"taxonomy":"post_tag","embeddable":true,"href":"https:\/\/www.actualidadadiario.com\/index.php\/wp-json\/wp\/v2\/tags?post=64333"}],"curies":[{"name":"wp","href":"https:\/\/api.w.org\/{rel}","templated":true}]}}