{"id":64331,"date":"2020-07-17T17:24:47","date_gmt":"2020-07-17T20:24:47","guid":{"rendered":"https:\/\/www.actualidadadiario.com\/?p=64331"},"modified":"2020-07-30T16:02:52","modified_gmt":"2020-07-30T19:02:52","slug":"cada-escuela-tendra-su-protocolo-para-volver-a-las-aulas","status":"publish","type":"post","link":"https:\/\/www.actualidadadiario.com\/index.php\/2020\/07\/17\/cada-escuela-tendra-su-protocolo-para-volver-a-las-aulas\/","title":{"rendered":"Cada escuela tendr\u00e1 su protocolo para volver a las aulas"},"content":{"rendered":"<p style=\"text-align: center;\"><em><strong>&#8220;Cada escuela deber\u00e1 flexibilizar horarios de entrada y salida; entrar de a grupos de no m\u00e1s de 10 o15 chicos, todos con tapabocas y previo lavado de manos&#8221;, dijo la ex titular del CGE, Marta Land\u00f3. Prev\u00e9n una segunda etapa en septiembre<\/strong><\/em><\/p>\n<p>&nbsp;<\/p>\n<p>La situaci\u00f3n cambi\u00f3 dr\u00e1sticamente en las \u00faltimas dos semanas. En principio, Entre R\u00edos conformaba la n\u00f3mina de las provincias que retornar\u00edan a clases de manera escalonada durante el mes de agosto; pero ahora la realidad dio un giro y los alumnos deber\u00e1n continuar con la modalidad educativa online.<\/p>\n<p>D\u00edas atr\u00e1s el ministro de Educaci\u00f3n de la Naci\u00f3n, Nicol\u00e1s Trotta, anunciaba el regreso a las aulas en peque\u00f1as localidades de provincias que estuvieran en fase 5. Explicaron que se tratar\u00eda de una modalidad combinada de asistencia presencial y clases domiciliarias.<\/p>\n<p>Entre R\u00edos iba a ser una de las provincias incluidas en esta definici\u00f3n, aunque con el correr de los d\u00edas y la aparici\u00f3n de importantes brotes en Paran\u00e1, Gualeguaych\u00fa y Federaci\u00f3n, entre otras localidades, se decidi\u00f3 dar marcha atr\u00e1s.<\/p>\n<p>Actualmente son nueve las provincias que le confirmaron al ministerio de Educaci\u00f3n su voluntad de retomar las clases presenciales en el mes agosto. Para facilitar este proceso, el Estado nacional dispuso invertir 2300 millones de pesos para la compra de insumos y la realizaci\u00f3n de tareas de mantenimiento edilicio.<\/p>\n<p>Los distritos que planifican abrir sus escuelas en agosto son Catamarca, Corrientes, Formosa, Misiones, San Juan, Santiago del Estero, Santa Fe, San Luis y Tucum\u00e1n. El criterio es el de una apertura en etapas, progresiva. La asistencia de los alumnos ser\u00e1 alternada para minimizar el n\u00famero de alumnos por aula y la circulaci\u00f3n del transporte p\u00fablico. Por otra parte, se ofrecer\u00e1n alternativas educativas a aquellos que deban mantener el aislamiento por cuestiones de salud.<\/p>\n<p>Los primeros en retornar a las escuelas ser\u00e1n los alumnos que est\u00e9n finalizando el secundario y la primaria; por considerar que cuentan con menos tiempo para incorporar los conocimientos necesarios para ingresar a la universidad o pasar a la secundaria.<\/p>\n<p>&nbsp;<\/p>\n<p><strong>Relevamiento y borrador en Entre R\u00edos<\/strong><\/p>\n<p>Desde la Asociaci\u00f3n Gremial de Magisterio de Entre R\u00edos (Agmer) se encuentran realizando un relevamiento a nivel provincial. Buscan conocer la realidad pormenorizada del estado de las distintas escuelas. El mismo les dar\u00e1 un panorama detallado de las condiciones en las que se encentran docentes y alumnos para regresar a las aulas.<\/p>\n<p>En ese marco, la ex presidenta del Consejo General de Educaci\u00f3n y actual directora departamental de Escuelas de Gualeguaych\u00fa, Marta Land\u00f3, confirm\u00f3 que se trabaja en un documento que actualmente es un borrador para definir c\u00f3mo ser\u00e1 la vuelta a clases.<\/p>\n<p>&nbsp;<\/p>\n<p><strong>Sin fechas<\/strong><\/p>\n<p>Este documento es en base al texto marco que aprobaron los ministros de las distintas provincias. &#8220;No hay fechas ni nada sobre la vuelta&#8221;, aclar\u00f3 Land\u00f3, aunque asegur\u00f3 que &#8220;deber\u00e1 ser con distanciamiento, higiene, flexibilizaci\u00f3n de horarios y un protocolo nacional, provincial e institucional, porque no se puede comparar las realidades de las distintas escuelas&#8221;.<\/p>\n<p>&nbsp;<\/p>\n<p><strong>Cada escuela con su protocolo<\/strong><\/p>\n<p>Explic\u00f3 que cada edificio es distinto por el tama\u00f1o de sus aulas o por la cantidad de alumnos. Adem\u00e1s, indic\u00f3 que el futuro educativo depender\u00e1 de la circulaci\u00f3n del virus, pero se &#8220;est\u00e1 trabajando y se va a convivir lo presencial con lo virtual&#8221;.<\/p>\n<p>&#8220;Cada escuela deber\u00e1 flexibilizar horarios de entrada y salida; entrar de a grupos de no m\u00e1s de diez o quince chicos, todos con tapabocas y previo lavado de manos. Los sanitarios tiene que estar en condiciones&#8221;, expres\u00f3 la funcionaria.<\/p>\n<p>Al referirse puntualmente al caso de Gualeguaych\u00fa, indic\u00f3 al diario El D\u00eda que &#8220;con la arquitecta Leticia Bogliolo hemos recorrido las escuelas y hemos ido arreglando sanitarios, vidrios, agua y luz. Esto lo hicimos en m\u00e1s de 40 escuelas del departamento&#8221;.<\/p>\n<p>Estos trabajos fueron solventados con el fondo de arreglos menores del CGE (Consejo General de Educaci\u00f3n) que es entregado en tres partidas a lo largo del a\u00f1o.<\/p>\n<p>Con este panorama, la Directora Departamental de Escuelas fue optimista respecto a la vuelta a clases de los cursos que finalizan sus estudios, y adelant\u00f3 que en septiembre podr\u00eda comenzar una segunda etapa &#8220;con los ni\u00f1os que comienzan sus estudios&#8221;.<\/p>\n","protected":false},"excerpt":{"rendered":"<p>&#8220;Cada escuela deber\u00e1 flexibilizar horarios de entrada y salida; entrar de a grupos de no m\u00e1s de 10 o15 chicos, todos con tapabocas y previo lavado de manos&#8221;, dijo la ex titular del CGE, Marta Land\u00f3. Prev\u00e9n una segunda etapa en septiembre &nbsp; La situaci\u00f3n cambi\u00f3 dr\u00e1sticamente en las \u00faltimas dos semanas. En principio, Entre R\u00edos conformaba la n\u00f3mina de las provincias que retornar\u00edan a clases de manera escalonada durante el mes de agosto; pero ahora la realidad dio un giro y los alumnos deber\u00e1n continuar con la modalidad educativa&#8230;<\/p>\n","protected":false},"author":3,"featured_media":61952,"comment_status":"closed","ping_status":"closed","sticky":false,"template":"","format":"standard","meta":[],"categories":[15],"tags":[],"_links":{"self":[{"href":"https:\/\/www.actualidadadiario.com\/index.php\/wp-json\/wp\/v2\/posts\/64331"}],"collection":[{"href":"https:\/\/www.actualidadadiario.com\/index.php\/wp-json\/wp\/v2\/posts"}],"about":[{"href":"https:\/\/www.actualidadadiario.com\/index.php\/wp-json\/wp\/v2\/types\/post"}],"author":[{"embeddable":true,"href":"https:\/\/www.actualidadadiario.com\/index.php\/wp-json\/wp\/v2\/users\/3"}],"replies":[{"embeddable":true,"href":"https:\/\/www.actualidadadiario.com\/index.php\/wp-json\/wp\/v2\/comments?post=64331"}],"version-history":[{"count":1,"href":"https:\/\/www.actualidadadiario.com\/index.php\/wp-json\/wp\/v2\/posts\/64331\/revisions"}],"predecessor-version":[{"id":64332,"href":"https:\/\/www.actualidadadiario.com\/index.php\/wp-json\/wp\/v2\/posts\/64331\/revisions\/64332"}],"wp:featuredmedia":[{"embeddable":true,"href":"https:\/\/www.actualidadadiario.com\/index.php\/wp-json\/wp\/v2\/media\/61952"}],"wp:attachment":[{"href":"https:\/\/www.actualidadadiario.com\/index.php\/wp-json\/wp\/v2\/media?parent=64331"}],"wp:term":[{"taxonomy":"category","embeddable":true,"href":"https:\/\/www.actualidadadiario.com\/index.php\/wp-json\/wp\/v2\/categories?post=64331"},{"taxonomy":"post_tag","embeddable":true,"href":"https:\/\/www.actualidadadiario.com\/index.php\/wp-json\/wp\/v2\/tags?post=64331"}],"curies":[{"name":"wp","href":"https:\/\/api.w.org\/{rel}","templated":true}]}}