{"id":64328,"date":"2020-07-17T17:24:04","date_gmt":"2020-07-17T20:24:04","guid":{"rendered":"https:\/\/www.actualidadadiario.com\/?p=64328"},"modified":"2020-07-30T16:03:01","modified_gmt":"2020-07-30T19:03:01","slug":"personal-de-salud-de-santa-ana-se-capacito-para-la-toma-de-muestras-por-hisopado","status":"publish","type":"post","link":"https:\/\/www.actualidadadiario.com\/index.php\/2020\/07\/17\/personal-de-salud-de-santa-ana-se-capacito-para-la-toma-de-muestras-por-hisopado\/","title":{"rendered":"Personal de salud de Santa Ana se capacit\u00f3 para la toma de muestras por hisopado"},"content":{"rendered":"<p style=\"text-align: center;\"><em><strong>Profesionales del centro de salud Cecilio L\u00f3pez de Santa, departamento Federaci\u00f3n, participaron de una capacitaci\u00f3n para la realizaci\u00f3n de hisopados, con el fin de descomprimir el trabajo en el hospital Santa Rosa de Chajar\u00ed<\/strong><\/em><\/p>\n<p>&nbsp;<\/p>\n<p>Ante el surgimiento de casos de Covid-19 en el departamento Federaci\u00f3n (98 confirmados al 16 de julio) y frente a la necesidad de descomprimir la demanda del equipo profesional del hospital Santa Rosa de Chajar\u00ed, personal del centro de salud Cecilio L\u00f3pez de Santa Ana fue instruido en las t\u00e9cnica para la toma de muestras por hisopado, el llenado de fichas epidemiol\u00f3gicas y el uso apropiado del equipamiento de protecci\u00f3n personal.<\/p>\n<p>La instancia de capacitaci\u00f3n surgi\u00f3 a partir del encuentro entre el equipo t\u00e9cnico del Ministerio de Salud de la provincia con autoridades del hospital Santa Rosa de Chajar\u00ed y del nodo epidemiol\u00f3gico de la localidad, donde se visualiz\u00f3 que la importante cantidad de casos en la zona que requieren ser rehisopados (para el seguimiento y alta de los pacientes con resultados positivos por coronavirus), junto a la toma de nuevas muestras para diagn\u00f3stico, estaba saturando la capacidad de respuesta del personal disponible. Ante este panorama se plante\u00f3 la factibilidad de brindar una capacitaci\u00f3n, a fin de ampliar el n\u00famero de profesionales entrenados para la toma de muestras, y el equipo de trabajo del centro de salud Cecilio L\u00f3pez se interes\u00f3 de forma inmediata.<\/p>\n<p>La formaci\u00f3n, que se llev\u00f3 a cabo durante la jornada del mi\u00e9rcoles en el N\u00facleo de Inclusi\u00f3n y Desarrollo de Oportunidades (NIDO) de Santa Ana, estuvo a cargo de la referente del nodo epidemiol\u00f3gico de Chajar\u00ed, Mariana Berta, junto al t\u00e9cnico en Laboratorio, Diego Ch\u00e1vez, (quienes, adem\u00e1s, han sido los encargados de llevar adelante las pruebas de los casos sospechosos de coronavirus en la microrregi\u00f3n integrada por Chajar\u00ed, Santa Ana y Villa del Rosario).<\/p>\n<p>All\u00ed se instruy\u00f3 a los distintos integrantes del equipo de trabajo: Los profesionales y t\u00e9cnicos, la doctora Celeste Farneda, la licenciada en Enfermer\u00eda Mar\u00eda Alicia Toler, y el enfermero Jorge Ruiz D\u00edaz, fueron entrenados en la t\u00e9cnica para la toma de muestras; en tanto que la agente sanitaria del efector, Emilce Pe\u00f1a, se capacit\u00f3 para el llenado de la ficha epidemiol\u00f3gica; y todo el personal, entre ellos el chofer de la ambulancia, fueron entrenados para la disposici\u00f3n y uso apropiado de los equipos de protecci\u00f3n personal.<\/p>\n<p>Cabe se\u00f1alar que en la oportunidad se hicieron 13 rehisopados para definir altas, y la instancia fue propicia para que los profesionales formados pusieran en pr\u00e1ctica los conocimientos adquiridos realizando la toma de las muestras.<\/p>\n<p>De este modo se respondi\u00f3 a la necesidad de complementar las tareas del equipo de trabajo de Chajar\u00ed, descomprimiendo su demanda; y adem\u00e1s permite que quede el recurso humano ya formado, lo que abre la puerta a que tambi\u00e9n practique hisopados en Villa del Rosario (distante a unos 15 kil\u00f3metros de Santa Ana).<\/p>\n","protected":false},"excerpt":{"rendered":"<p>Profesionales del centro de salud Cecilio L\u00f3pez de Santa, departamento Federaci\u00f3n, participaron de una capacitaci\u00f3n para la realizaci\u00f3n de hisopados, con el fin de descomprimir el trabajo en el hospital Santa Rosa de Chajar\u00ed &nbsp; Ante el surgimiento de casos de Covid-19 en el departamento Federaci\u00f3n (98 confirmados al 16 de julio) y frente a la necesidad de descomprimir la demanda del equipo profesional del hospital Santa Rosa de Chajar\u00ed, personal del centro de salud Cecilio L\u00f3pez de Santa Ana fue instruido en las t\u00e9cnica para la toma de muestras&#8230;<\/p>\n","protected":false},"author":3,"featured_media":64329,"comment_status":"closed","ping_status":"closed","sticky":false,"template":"","format":"standard","meta":[],"categories":[15],"tags":[],"_links":{"self":[{"href":"https:\/\/www.actualidadadiario.com\/index.php\/wp-json\/wp\/v2\/posts\/64328"}],"collection":[{"href":"https:\/\/www.actualidadadiario.com\/index.php\/wp-json\/wp\/v2\/posts"}],"about":[{"href":"https:\/\/www.actualidadadiario.com\/index.php\/wp-json\/wp\/v2\/types\/post"}],"author":[{"embeddable":true,"href":"https:\/\/www.actualidadadiario.com\/index.php\/wp-json\/wp\/v2\/users\/3"}],"replies":[{"embeddable":true,"href":"https:\/\/www.actualidadadiario.com\/index.php\/wp-json\/wp\/v2\/comments?post=64328"}],"version-history":[{"count":1,"href":"https:\/\/www.actualidadadiario.com\/index.php\/wp-json\/wp\/v2\/posts\/64328\/revisions"}],"predecessor-version":[{"id":64330,"href":"https:\/\/www.actualidadadiario.com\/index.php\/wp-json\/wp\/v2\/posts\/64328\/revisions\/64330"}],"wp:featuredmedia":[{"embeddable":true,"href":"https:\/\/www.actualidadadiario.com\/index.php\/wp-json\/wp\/v2\/media\/64329"}],"wp:attachment":[{"href":"https:\/\/www.actualidadadiario.com\/index.php\/wp-json\/wp\/v2\/media?parent=64328"}],"wp:term":[{"taxonomy":"category","embeddable":true,"href":"https:\/\/www.actualidadadiario.com\/index.php\/wp-json\/wp\/v2\/categories?post=64328"},{"taxonomy":"post_tag","embeddable":true,"href":"https:\/\/www.actualidadadiario.com\/index.php\/wp-json\/wp\/v2\/tags?post=64328"}],"curies":[{"name":"wp","href":"https:\/\/api.w.org\/{rel}","templated":true}]}}