{"id":64325,"date":"2020-07-17T17:23:17","date_gmt":"2020-07-17T20:23:17","guid":{"rendered":"https:\/\/www.actualidadadiario.com\/?p=64325"},"modified":"2020-07-30T16:03:02","modified_gmt":"2020-07-30T19:03:02","slug":"municipios-y-ciudadanos-podran-evaluar-cumplimiento-de-protocolos-sanitarios","status":"publish","type":"post","link":"https:\/\/www.actualidadadiario.com\/index.php\/2020\/07\/17\/municipios-y-ciudadanos-podran-evaluar-cumplimiento-de-protocolos-sanitarios\/","title":{"rendered":"Municipios y ciudadanos podr\u00e1n evaluar cumplimiento de protocolos sanitarios"},"content":{"rendered":"<p style=\"text-align: center;\"><em><strong>El gobierno provincial, a trav\u00e9s del Ministerio de Producci\u00f3n y con la colaboraci\u00f3n del Ministerio de Salud, elabor\u00f3 una aplicaci\u00f3n inform\u00e1tica para que los municipios puedan realizar sus propias evaluaciones de las actividades comerciales y productivas y el cumplimiento de los protocolos<\/strong><\/em><\/p>\n<p>&nbsp;<\/p>\n<p>&nbsp;<\/p>\n<p>El programa, que contempla la puntuaci\u00f3n de esas actividades de acuerdo a distintos criterios, se empezar\u00e1 a instrumentar desde esta semana, una vez que se haga la capacitaci\u00f3n de su uso a todos los municipios entrerrianos que paralelamente ir\u00e1n designando al personal encargado de la tarea.<\/p>\n<p>Al respecto, el ministro de Producci\u00f3n, Juan Jos\u00e9 Bahillo, sostuvo que \u201cesta herramienta dise\u00f1ada desde nuestro gobierno prestar\u00e1 una gran ayuda a cada jurisdicci\u00f3n municipal para ellos mismos y desde su propia experiencia y capacidad de observaci\u00f3n puedan controlar y acompa\u00f1ar a las distintas actividades y cuenten con instrumentos \u00e1giles y eficaces para dar respuestas o eventuales correcciones en cada caso\u201d.<\/p>\n<p>\u201cSin perder de vista la responsabilidad que tenemos todos de cuidarnos a nosotros y cuidar a los otros, queremos sostener actividades econ\u00f3micas y poder, paulatinamente, autorizar sectores que todav\u00eda no han sido habilitados, para que puedan hacer frente a los problemas econ\u00f3micos que la pandemia ha generado\u201d \u2013 indic\u00f3 el Titular de la Cartera productiva.<\/p>\n<p>Por su parte, la secretaria de Salud de la provincia, Carina Reh, coment\u00f3 que el programa Evaluar comprende esa aplicaci\u00f3n que permitir\u00e1 detectar las actividades que no cumplen con los protocolos en virtud de las medidas de distanciamiento social.<\/p>\n<p>Detall\u00f3 que la aplicaci\u00f3n \u201cva a ser socializada a todos los municipios y todas las comunas de la provincia, con un instructivo para que cada localidad pueda llevar adelante el monitoreo del adecuado cumplimiento de los protocolos vigentes\u201d.<\/p>\n<p>Indic\u00f3 que ello tiene como objetivo \u201ctener un resguardo de nuestra poblaci\u00f3n y poder sostener todas las actividades econ\u00f3micas que se vienen habilitando y que son tan necesarias para seguir sosteniendo y acompa\u00f1ando la actividad econ\u00f3mica de nuestra provincia&#8221;.<\/p>\n<p>A su turno, el director del Instituto de Control de la Alimentaci\u00f3n y Bromatolog\u00eda (ICAB), Pablo Basso, responsable del dise\u00f1o e implementaci\u00f3n de este programa, explic\u00f3 que \u201cdesde este jueves se comenzar\u00e1 a capacitar a los municipios y COES locales para la utilizaci\u00f3n de la App\u201d.<\/p>\n<p>\u201cLo haremos por v\u00eda virtual y agruparemos a los municipios por regi\u00f3n. Cada municipio designar\u00e1 a sus encargados a quienes les habilitaremos un usuario y contrase\u00f1a de la Aplicaci\u00f3n y ellos mismos transmitir\u00e1n los conceptos a otras personas con capacidad de evaluaci\u00f3n para incrementar el n\u00famero de evaluadores\u201d, afirm\u00f3 Basso.<\/p>\n<p>&nbsp;<\/p>\n<p><strong>El programa<\/strong><\/p>\n<p>El programa consta de tres ejes principales. El primero es la construcci\u00f3n e implementaci\u00f3n de un Score de evaluaci\u00f3n de actividades. Para esta herramienta se desarroll\u00f3 una APP disponibles en Google Play Store destinada a municipios y COES locales que a trav\u00e9s de variables ayuda a medir las condiciones en las que se ejecutan las actividades habilitadas en cada municipio. El puntaje del 1 al 10 se\u00f1alar\u00e1 el nivel de riesgo de cada actividad. Las variables que se analizan pretenden ser una herramienta para los equipos de evaluadores municipales con idoneidad adquirida en el trabajo en terreno y que puede ayudar a tomar decisiones sobre los permisos y habilitaciones ya concedidos<\/p>\n<p>Las variables principales utilizadas para este \u00edtem son las siguientes 1) distanciamiento 2) control de diseminaci\u00f3n 3) implementaci\u00f3n de protocolos secundarias 4) caracter\u00edsticas del espacio f\u00edsico 5) sistema de control local 6) compromiso del sector 7) nivel de informaci\u00f3n de los usuarios.<\/p>\n<p>El segundo eje contemplado es la evaluaci\u00f3n de actividades para la poblaci\u00f3n en general. Se desarroll\u00f3 una encuesta con informaci\u00f3n b\u00e1sica sobre protocolos de las distintas actividades habilitadas en donde la poblaci\u00f3n opina y colabora con la evaluaci\u00f3n del cumplimiento de dichos protocolos. Esta herramienta consta de una APP disponible en Google Play Store para uso de municipios, comercios, vecinales, asociaciones, etc. en donde se cargan los n\u00fameros de los usuarios a encuestar y un bot de WhatsApp que env\u00eda una simple encuesta a usuarios cargados en la APP mencionada y que sobre el final de dicha encuesta muestra los resultados globales para mayor involucramiento de la poblaci\u00f3n.<\/p>\n<p>El \u00faltimo eje es el asesoramiento a municipios sobre Evaluaci\u00f3n e Implementaci\u00f3n de protocolos Covid. El grupo conformado dar\u00e1 respuestas a las demandas de municipios para asesoramiento sobre mediciones de cumplimiento de actividades, elaboraci\u00f3n de protocolos y recomendaciones para la correcta implementaci\u00f3n de estos.<\/p>\n","protected":false},"excerpt":{"rendered":"<p>El gobierno provincial, a trav\u00e9s del Ministerio de Producci\u00f3n y con la colaboraci\u00f3n del Ministerio de Salud, elabor\u00f3 una aplicaci\u00f3n inform\u00e1tica para que los municipios puedan realizar sus propias evaluaciones de las actividades comerciales y productivas y el cumplimiento de los protocolos &nbsp; &nbsp; El programa, que contempla la puntuaci\u00f3n de esas actividades de acuerdo a distintos criterios, se empezar\u00e1 a instrumentar desde esta semana, una vez que se haga la capacitaci\u00f3n de su uso a todos los municipios entrerrianos que paralelamente ir\u00e1n designando al personal encargado de la tarea&#8230;.<\/p>\n","protected":false},"author":3,"featured_media":64326,"comment_status":"closed","ping_status":"closed","sticky":false,"template":"","format":"standard","meta":[],"categories":[15],"tags":[],"_links":{"self":[{"href":"https:\/\/www.actualidadadiario.com\/index.php\/wp-json\/wp\/v2\/posts\/64325"}],"collection":[{"href":"https:\/\/www.actualidadadiario.com\/index.php\/wp-json\/wp\/v2\/posts"}],"about":[{"href":"https:\/\/www.actualidadadiario.com\/index.php\/wp-json\/wp\/v2\/types\/post"}],"author":[{"embeddable":true,"href":"https:\/\/www.actualidadadiario.com\/index.php\/wp-json\/wp\/v2\/users\/3"}],"replies":[{"embeddable":true,"href":"https:\/\/www.actualidadadiario.com\/index.php\/wp-json\/wp\/v2\/comments?post=64325"}],"version-history":[{"count":1,"href":"https:\/\/www.actualidadadiario.com\/index.php\/wp-json\/wp\/v2\/posts\/64325\/revisions"}],"predecessor-version":[{"id":64327,"href":"https:\/\/www.actualidadadiario.com\/index.php\/wp-json\/wp\/v2\/posts\/64325\/revisions\/64327"}],"wp:featuredmedia":[{"embeddable":true,"href":"https:\/\/www.actualidadadiario.com\/index.php\/wp-json\/wp\/v2\/media\/64326"}],"wp:attachment":[{"href":"https:\/\/www.actualidadadiario.com\/index.php\/wp-json\/wp\/v2\/media?parent=64325"}],"wp:term":[{"taxonomy":"category","embeddable":true,"href":"https:\/\/www.actualidadadiario.com\/index.php\/wp-json\/wp\/v2\/categories?post=64325"},{"taxonomy":"post_tag","embeddable":true,"href":"https:\/\/www.actualidadadiario.com\/index.php\/wp-json\/wp\/v2\/tags?post=64325"}],"curies":[{"name":"wp","href":"https:\/\/api.w.org\/{rel}","templated":true}]}}