{"id":64322,"date":"2020-07-17T17:22:30","date_gmt":"2020-07-17T20:22:30","guid":{"rendered":"https:\/\/www.actualidadadiario.com\/?p=64322"},"modified":"2020-07-30T16:03:02","modified_gmt":"2020-07-30T19:03:02","slug":"en-18-meses-los-puertos-entrerrianos-suman-29-buques-con-exportaciones-al-mundo","status":"publish","type":"post","link":"https:\/\/www.actualidadadiario.com\/index.php\/2020\/07\/17\/en-18-meses-los-puertos-entrerrianos-suman-29-buques-con-exportaciones-al-mundo\/","title":{"rendered":"En 18 meses los puertos entrerrianos suman 29 buques con exportaciones al mundo"},"content":{"rendered":"<p style=\"text-align: center;\"><em><strong>Zarp\u00f3 este jueves desde el puerto de Concepci\u00f3n del Uruguay el ultramarino Mount Aso con m\u00e1s de 20.000 toneladas de troncos de madera de pino con destino a China. Se trata del embarque n\u00famero 25 con esta mercader\u00eda proveniente de productores entrerrianos que abastecen al mercado asi\u00e1tico<\/strong><\/em><\/p>\n<p>&nbsp;<\/p>\n<p>&nbsp;<\/p>\n<p>A esta cifra se le deben sumar otros cuatro embarques con arroz entrerriano destinados a los mercados de Costa Rica, Senegal, Irak y Venezuela. En este caso la producci\u00f3n fue exportada en diferentes modalidades, en bolsa, con c\u00e1scara y medio grano.<\/p>\n<p>Estos embarques se contabilizan a partir de principios del a\u00f1o 2019, a d\u00edas de habilitada la nueva profundidad del r\u00edo Uruguay tras el dragado realizado a lo largo de toda esa v\u00eda navegable.<\/p>\n<p>\u201cLa reactivaci\u00f3n del sistema portuario entrerriano puesta en marcha por el gobierno de Entre R\u00edos posibilit\u00f3 la apertura de nuevos mercados para los productos de la provincia y gener\u00f3 ventajas competitivas que se traducen en mayor producci\u00f3n, generaci\u00f3n de puestos de trabajo genuinos y un fortalecimiento para muchos sectores de la econom\u00eda provincial\u201d, se\u00f1al\u00f3 el ministro de la Producci\u00f3n, Juan Jos\u00e9 Bahillo.<\/p>\n<p>Los puertos de Concepci\u00f3n del Uruguay e Ibicuy complementan su trabajo como puntos de salida al mundo para toda la regi\u00f3n potenciando una cadena log\u00edstica que tambi\u00e9n suma la reactivaci\u00f3n del tren de cargas como un punto central para la interconexi\u00f3n mesopot\u00e1mica que posibilita la llegada de cargas desde una vasta regi\u00f3n que alcanza a Paraguay y el sur de Brasil.<\/p>\n<p>\u201cEntre R\u00edos ha exportado m\u00e1s de 800.000 toneladas en poco m\u00e1s de un a\u00f1o a trav\u00e9s de sus puertos, algo que no se registra desde hace m\u00e1s de 20 a\u00f1os y que se ha conseguido a partir del fortalecimiento del sistema portuario entrerriano que el gobernador Gustavo Bordet ha fijado como una pol\u00edtica de Estado para el desarrollo provincial\u201d, destac\u00f3 Carlos Schepens, presidente del Instituto Portuario Provincial de Entre R\u00edos (IPPER).<\/p>\n<p>&nbsp;<\/p>\n<p><strong>Carga en Ibicuy<\/strong><\/p>\n<p>El buque Mount Aso, con 180 metros de eslora y bandera de Hong Kong, oper\u00f3 durante tres d\u00edas en el puerto de Concepci\u00f3n del Uruguay, y completar\u00e1 su carga en la terminal de Ibicuy. \u201cNos encaminamos a lograr plena actividad portuaria, con las implicancias de car\u00e1cter productivos y sociales que se generan para la provincia, la zona sur de Entre R\u00edos\u201d, manifest\u00f3 Natalio Gerdau, titular del Ente Aut\u00e1rquico Puerto Ibicuy.<\/p>\n<p>Se estima que el ultramarino operar\u00e1 durante unos tres d\u00edas para partir finalmente rumbo al puerto de Taicang, en China.<\/p>\n<p>Todos los puertos de Entre R\u00edos se encuentran trabajando bajo estrictas normas de seguridad y prevenci\u00f3n de acuerdo a los protocolos establecidos por el Ministerio de Producci\u00f3n de Entre R\u00edos, y supervisados por la Direcci\u00f3n Nacional de V\u00edas Navegables de la Naci\u00f3n, y el Ministerio de Salud de la provincia.<\/p>\n","protected":false},"excerpt":{"rendered":"<p>Zarp\u00f3 este jueves desde el puerto de Concepci\u00f3n del Uruguay el ultramarino Mount Aso con m\u00e1s de 20.000 toneladas de troncos de madera de pino con destino a China. Se trata del embarque n\u00famero 25 con esta mercader\u00eda proveniente de productores entrerrianos que abastecen al mercado asi\u00e1tico &nbsp; &nbsp; A esta cifra se le deben sumar otros cuatro embarques con arroz entrerriano destinados a los mercados de Costa Rica, Senegal, Irak y Venezuela. En este caso la producci\u00f3n fue exportada en diferentes modalidades, en bolsa, con c\u00e1scara y medio grano&#8230;.<\/p>\n","protected":false},"author":3,"featured_media":64323,"comment_status":"closed","ping_status":"closed","sticky":false,"template":"","format":"standard","meta":[],"categories":[15],"tags":[],"_links":{"self":[{"href":"https:\/\/www.actualidadadiario.com\/index.php\/wp-json\/wp\/v2\/posts\/64322"}],"collection":[{"href":"https:\/\/www.actualidadadiario.com\/index.php\/wp-json\/wp\/v2\/posts"}],"about":[{"href":"https:\/\/www.actualidadadiario.com\/index.php\/wp-json\/wp\/v2\/types\/post"}],"author":[{"embeddable":true,"href":"https:\/\/www.actualidadadiario.com\/index.php\/wp-json\/wp\/v2\/users\/3"}],"replies":[{"embeddable":true,"href":"https:\/\/www.actualidadadiario.com\/index.php\/wp-json\/wp\/v2\/comments?post=64322"}],"version-history":[{"count":1,"href":"https:\/\/www.actualidadadiario.com\/index.php\/wp-json\/wp\/v2\/posts\/64322\/revisions"}],"predecessor-version":[{"id":64324,"href":"https:\/\/www.actualidadadiario.com\/index.php\/wp-json\/wp\/v2\/posts\/64322\/revisions\/64324"}],"wp:featuredmedia":[{"embeddable":true,"href":"https:\/\/www.actualidadadiario.com\/index.php\/wp-json\/wp\/v2\/media\/64323"}],"wp:attachment":[{"href":"https:\/\/www.actualidadadiario.com\/index.php\/wp-json\/wp\/v2\/media?parent=64322"}],"wp:term":[{"taxonomy":"category","embeddable":true,"href":"https:\/\/www.actualidadadiario.com\/index.php\/wp-json\/wp\/v2\/categories?post=64322"},{"taxonomy":"post_tag","embeddable":true,"href":"https:\/\/www.actualidadadiario.com\/index.php\/wp-json\/wp\/v2\/tags?post=64322"}],"curies":[{"name":"wp","href":"https:\/\/api.w.org\/{rel}","templated":true}]}}