{"id":64319,"date":"2020-07-17T17:21:44","date_gmt":"2020-07-17T20:21:44","guid":{"rendered":"https:\/\/www.actualidadadiario.com\/?p=64319"},"modified":"2020-07-30T16:03:02","modified_gmt":"2020-07-30T19:03:02","slug":"habra-operativos-especiales-de-control-el-fin-de-semana","status":"publish","type":"post","link":"https:\/\/www.actualidadadiario.com\/index.php\/2020\/07\/17\/habra-operativos-especiales-de-control-el-fin-de-semana\/","title":{"rendered":"Habr\u00e1 operativos especiales de control el fin de semana"},"content":{"rendered":"<p style=\"text-align: center;\"><em><strong>La Polic\u00eda de Entre R\u00edos dispondr\u00e1 operativos especiales de control para evitar aglomeraciones en el marco de la emergencia sanitaria y teniendo en cuenta el aumento de casos positivos de Covid-19 en la provincia, por lo que se recomend\u00f3 el festejo el D\u00eda del Amigo de manera virtual<\/strong><\/em><\/p>\n<p>&nbsp;<\/p>\n<p>&nbsp;<\/p>\n<p>Teniendo en cuenta que en la provincia no est\u00e1n autorizadas las reuniones sociales, por ser consideradas un factor muy alto de riesgos de contagios, el Ministerio de Gobierno y Justicia dise\u00f1\u00f3 un operativo especial para que lleve a cabo la Polic\u00eda de la provincia, que incluir\u00e1 refuerzos de personal en las recorridas tanto diurnas como nocturnas y la instalaci\u00f3n de puestos de control en puntos estrat\u00e9gicos de las ciudades.<\/p>\n<p>En ese marco, la ministra Rosario Romero se reuni\u00f3 con el jefe de Polic\u00eda, Gustavo Maslein; el director de Operaciones y Seguridad, Gustavo Shierloh; y el jefe departamental Paran\u00e1, Ra\u00fal Menescardi; y estableci\u00f3 contacto con la Justicia Federal a fin de coordinar criterios de actuaci\u00f3n con la fuerza policial.<\/p>\n<p>Se recuerda que los canales de comunicaci\u00f3n siguen siendo el 911 en Paran\u00e1 y el 101 en el resto de la provincia, donde los vecinos pueden alertar situaciones vinculadas a fiestas clandestinas o reuniones de muchas personas.<\/p>\n<p>Se controlar\u00e1 tambi\u00e9n en colaboraci\u00f3n con los gobiernos locales, la venta de alcohol a menores y que en las ciudades que est\u00e9n habilitados los locales comerciales se cumpla con los protocolos sanitarios establecidos para el funcionamiento.<\/p>\n<p>Paralelamente, el gobierno provincial, en conjunto con los municipios, lanzaron una campa\u00f1a de difusi\u00f3n denominada #AmigosResponsables para apelar a la concientizaci\u00f3n de la poblaci\u00f3n y evitar las reuniones sociales, ya que hay riesgo de caer en una ola de contagios de coronavirus, sobre todo en ciudades que tiene hoy tienen transmisi\u00f3n por conglomerado.<\/p>\n","protected":false},"excerpt":{"rendered":"<p>La Polic\u00eda de Entre R\u00edos dispondr\u00e1 operativos especiales de control para evitar aglomeraciones en el marco de la emergencia sanitaria y teniendo en cuenta el aumento de casos positivos de Covid-19 en la provincia, por lo que se recomend\u00f3 el festejo el D\u00eda del Amigo de manera virtual &nbsp; &nbsp; Teniendo en cuenta que en la provincia no est\u00e1n autorizadas las reuniones sociales, por ser consideradas un factor muy alto de riesgos de contagios, el Ministerio de Gobierno y Justicia dise\u00f1\u00f3 un operativo especial para que lleve a cabo la&#8230;<\/p>\n","protected":false},"author":3,"featured_media":64320,"comment_status":"closed","ping_status":"closed","sticky":false,"template":"","format":"standard","meta":[],"categories":[9],"tags":[],"_links":{"self":[{"href":"https:\/\/www.actualidadadiario.com\/index.php\/wp-json\/wp\/v2\/posts\/64319"}],"collection":[{"href":"https:\/\/www.actualidadadiario.com\/index.php\/wp-json\/wp\/v2\/posts"}],"about":[{"href":"https:\/\/www.actualidadadiario.com\/index.php\/wp-json\/wp\/v2\/types\/post"}],"author":[{"embeddable":true,"href":"https:\/\/www.actualidadadiario.com\/index.php\/wp-json\/wp\/v2\/users\/3"}],"replies":[{"embeddable":true,"href":"https:\/\/www.actualidadadiario.com\/index.php\/wp-json\/wp\/v2\/comments?post=64319"}],"version-history":[{"count":1,"href":"https:\/\/www.actualidadadiario.com\/index.php\/wp-json\/wp\/v2\/posts\/64319\/revisions"}],"predecessor-version":[{"id":64321,"href":"https:\/\/www.actualidadadiario.com\/index.php\/wp-json\/wp\/v2\/posts\/64319\/revisions\/64321"}],"wp:featuredmedia":[{"embeddable":true,"href":"https:\/\/www.actualidadadiario.com\/index.php\/wp-json\/wp\/v2\/media\/64320"}],"wp:attachment":[{"href":"https:\/\/www.actualidadadiario.com\/index.php\/wp-json\/wp\/v2\/media?parent=64319"}],"wp:term":[{"taxonomy":"category","embeddable":true,"href":"https:\/\/www.actualidadadiario.com\/index.php\/wp-json\/wp\/v2\/categories?post=64319"},{"taxonomy":"post_tag","embeddable":true,"href":"https:\/\/www.actualidadadiario.com\/index.php\/wp-json\/wp\/v2\/tags?post=64319"}],"curies":[{"name":"wp","href":"https:\/\/api.w.org\/{rel}","templated":true}]}}