{"id":64316,"date":"2020-07-17T17:20:53","date_gmt":"2020-07-17T20:20:53","guid":{"rendered":"https:\/\/www.actualidadadiario.com\/?p=64316"},"modified":"2020-07-30T16:03:02","modified_gmt":"2020-07-30T19:03:02","slug":"bordet-destaco-el-rol-del-equipo-epidemiologico-y-de-los-intendentes-en-el-control-de-la-pandemia","status":"publish","type":"post","link":"https:\/\/www.actualidadadiario.com\/index.php\/2020\/07\/17\/bordet-destaco-el-rol-del-equipo-epidemiologico-y-de-los-intendentes-en-el-control-de-la-pandemia\/","title":{"rendered":"Bordet destac\u00f3 el rol del equipo epidemiol\u00f3gico y de los intendentes en el control de la pandemia"},"content":{"rendered":"<p style=\"text-align: center;\"><em><strong>&#8220;Vamos a tener que convivir con el virus porque esta es la nueva normalidad que los tiempos nos exigen. Ni la vuelta a clases va a ser igual, ni tampoco la forma de circular de las personas, ni de relacionarnos, por lo menos hasta que la pandemia est\u00e9 completamente dominada&#8221;<\/strong><\/em><\/p>\n<p>&nbsp;<\/p>\n<p>&nbsp;<\/p>\n<p>El mandatario se\u00f1al\u00f3 que la pandemia en la provincia hoy \u201cest\u00e1 focalizada en tres ciudades que tienen contagio por conglomerado\u201d, pero asegur\u00f3 que &#8220;hay una situaci\u00f3n controlada, con un gran equipo epidemiol\u00f3gico y una tarea magn\u00edfica de los intendentes\u201d.<\/p>\n<p>Confirm\u00f3 que se est\u00e1 trabajando en la habilitaci\u00f3n de un nuevo laboratorio de testeos en la costa del Uruguay, lo cual depende de \u201cla autorizaci\u00f3n que da la autoridad sanitaria nacional, porque si bien cualquier laboratorio en condiciones puede hacer testeos, los casos que ingresan a nuestro sistema provincial lo hacen tambi\u00e9n al sistema nacional y hay un protocolo. Hay que hacer un PCR en real time para poder cumplir con toda las normativas que exigen las autoridades nacionales, donde se unifica un solo criterio para todo el pa\u00eds, por lo que no es f\u00e1cil que cualquier testeo se avale\u201d.<\/p>\n<p>Bordet hizo estas declaraciones en el marco de su visita a la ciudad de Concordia, donde junto al intendente Alfredo Francolini, recorri\u00f3 la obra del gimnasio polideportivo del del Instituto Superior de Especialidades de la Educaci\u00f3n F\u00edsica (Issef), que se retom\u00f3 recientemente.<\/p>\n<p>All\u00ed manifest\u00f3 que la situaci\u00f3n de la pandemia en Entre R\u00edos, \u201choy est\u00e1 solamente focalizada en tres ciudades que tienen contagio por conglomerado, que son Paran\u00e1, Gualeguaych\u00fa y Villa del Rosario. Estamos trabajando fuertemente y articulando pol\u00edticas con lo intendentes de las tres localidades&#8221;, dijo y acot\u00f3 que &#8220;en Paran\u00e1 tomamos medidas que implican la restricci\u00f3n de la circulaci\u00f3n de personas para no tener que cerrar comercios&#8221;.<\/p>\n<p>Luego, sostuvo: &#8220;Entendemos que el contagio se propaga por la circulaci\u00f3n de personas, por las reuniones sociales, que es lo que estamos tratando de evitar en estos d\u00edas para salir del contagio por conglomerado en Paran\u00e1 y tambi\u00e9n en Gualeguaych\u00fa, en Villa del Rosario y en Santa Ana&#8221;.<\/p>\n<p>Tras remarcar que &#8220;venimos teniendo un abordaje integral&#8221;, el gobernador coment\u00f3 que &#8220;hemos reforzado tambi\u00e9n los controles en las rutas, en el T\u00fanel. Estamos trabajando con el gobernador de Santa Fe para los dos cruces fronterizos que tenemos y con el gobernador de Buenos Aires por Z\u00e1rate-Brazo Largo, y fuertemente con una tarea de hisopados que se increment\u00f3 de manera exponencial&#8221;.<\/p>\n<p>M\u00e1s adelante, el gobernador mencion\u00f3 que se est\u00e1 analizando &#8220;la posibilidad de hacer an\u00e1lisis en Concepci\u00f3n del Uruguay y poder tener la mayor cantidad de testeos posibles que nos den certeza sobre c\u00f3mo se viene comportando la pandemia&#8221;.<\/p>\n<p>No obstante ello, sostuvo que &#8220;hay una situaci\u00f3n controlada en la provincia con un gran equipo epidemiol\u00f3gico que est\u00e1 trabajando y con una tarea magn\u00edfica de los intendentes que tienen un compromiso puesto para controlar en cada localidad la circulaci\u00f3n del virus&#8221;.<\/p>\n<p>&nbsp;<\/p>\n<p><strong>Inicio de clases<\/strong><\/p>\n<p>Consultado con respecto al reinicio de clases en la provincia, afirm\u00f3: &#8220;Estamos evaluando en forma permanente y mientras haya situaciones de transmisi\u00f3n por conglomerado la verdad que es complejo. Hoy no est\u00e1n dadas claramente las condiciones, lo conversaremos cuando realmente se puedan volver a dictar clases pero no queremos generar expectativas que luego se tornan ilusorias&#8221;.<\/p>\n<p>A continuaci\u00f3n, indic\u00f3 que ya se tiene &#8220;un protocolo preparado para autom\u00e1ticamente volver a las clases presenciales&#8221; cuando la situaci\u00f3n epidemiol\u00f3gica lo permita, pero aclar\u00f3 que &#8220;no ser\u00e1 de la misma manera porque tampoco va a ser igual la sociedad en general. Tendremos que acostumbrarnos a vivir en una nueva normalidad, muy diferente a la anterior, porque pueden disminuir los casos de contagios pero el virus no va a desaparecer hasta que haya una vacuna&#8221;.<\/p>\n<p>&#8220;Vamos a tener que convivir con el virus porque esta es la nueva normalidad que los tiempos nos exigen. Ni la vuelta a clases va a ser igual, ni tampoco lo ser\u00e1 la forma de circular de las personas, ni de relacionarnos, por lo menos hasta que la pandemia est\u00e9 completamente dominada en todo el mundo&#8221;, resalt\u00f3 el primer mandatario entrerriano.<\/p>\n<p>&nbsp;<\/p>\n<p><strong>Refuerzo de controles<\/strong><\/p>\n<p>M\u00e1s adelante, indic\u00f3 que &#8220;varios intendentes est\u00e1n buscando aplicar el software para poder tener un control sobre los accesos. Tambi\u00e9n hay diferencias, porque Paran\u00e1 tiene siete u ocho accesos y un tr\u00e1nsito muy fluido por el T\u00fanel con Santa Fe, lo cual resulta bastante m\u00e1s complejo. Los accesos a Paran\u00e1 son por dos rutas nacionales como la 18 y la 12. Tambi\u00e9n hay otra ruta nacional que conecta el T\u00fanel Subfluvial y hay un gran conglomerado con otros municipios como San Benito, Colonia Avellaneda y Oro Verde que est\u00e1n pr\u00e1cticamente dentro de un mismo n\u00facleo urbano, lo cual dificulta bastante m\u00e1s el control de ingreso vehicular\u201d.<\/p>\n<p>En ese marco, se\u00f1al\u00f3 que \u201cle he dado instrucciones al jefe de Polic\u00eda para que refuerce, en estos 10 d\u00edas que necesitamos que la circulaci\u00f3n disminuya al m\u00ednimo, todos los controles de los acceso, que est\u00e1n a cargo de los intendentes de esas ciudades, Oro Verde, sobre la ruta 11; San Benito, sobre la ruta 12; Colonia Avellaneda, sobre la ruta 18; y dentro de la ciudad con todas las fuerzas de la Polic\u00eda de la provincia m\u00e1s las fuerzas federales y tambi\u00e9n la municipalidad, que dispone todo el personal de inspectores de tr\u00e1nsito y de comercio, para restringir la circulaci\u00f3n&#8221;.<\/p>\n<p>&#8220;Nosotros no queremos parar la actividad econ\u00f3mica ni perjudicar el comercio y la industria; lo que si queremos es que la gente sea responsable; y a veces solamente apelando a la responsabilidad no alcanza y hay que imponer medidas de control para evitar que haya reuniones clandestinas, que la gente circule sin ning\u00fan motivo, por lo menos por estos 10 d\u00edas, hasta lograr un achatamiento considerable de la curva de contagios que tenemos en esa zona&#8221;, subray\u00f3.<\/p>\n<p>&nbsp;<\/p>\n<p><strong>Nuevo laboratorio<\/strong><\/p>\n<p>Por otro lado, confirm\u00f3 que se est\u00e1 trabajando en la habilitaci\u00f3n de un nuevo laboratorio de testeos en la costa del Uruguay, lo cual depende de \u201cla autorizaci\u00f3n que da la autoridad sanitaria nacional, porque si bien cualquier laboratorio en condiciones puede hacer testeos, los casos que ingresan a nuestro sistema provincial lo hacen tambi\u00e9n al sistema nacional y hay un protocolo. Hay que hacer un PCR en real time para poder cumplir con toda las normativas que exigen las autoridades nacionales, donde se unifica un solo criterio para todo el pa\u00eds, por lo que no es f\u00e1cil que cualquier testeo se avale\u201d.<\/p>\n<p>Al respecto, explic\u00f3 que \u201cel testeo que hace un laboratorio privado es un indicio y el laboratorio privado que realiza el testeo tiene la obligaci\u00f3n de denunciarlo al sistema. Luego se practica con todas las muestras de real time, que tienen una efectividad alt\u00edsima, casi perfecta, para tener la certeza si el contagio existe o no. Esto es lo que al principio Entre R\u00edos no ten\u00eda, luego lo pusimos en Paran\u00e1 y ahora queremos ponerlo en la costa del r\u00edo Uruguay\u201d.<\/p>\n<p>&nbsp;<\/p>\n<p><strong>Panorama econ\u00f3mico<\/strong><\/p>\n<p>En otro orden, sobre el panorama econ\u00f3mico para el pr\u00f3ximo semestre, dijo que &#8220;lo ve muy dif\u00edcil, porque hay una ca\u00edda muy fuerte de los recursos, producto de que hay una baja de la actividad econ\u00f3mica que es notoria; estamos pensando para la pospandemia en reactivar la obra p\u00fablica para generar trabajo. Tambi\u00e9n hay programas de Naci\u00f3n que est\u00e1n a punto de aplicarse en este sentido y tambi\u00e9n trabajar codo a codo con instituciones&#8221;.<\/p>\n<p>Coment\u00f3 que este jueves mantuvo una videoconferencia con el sector industrial, \u201cque est\u00e1 planteando un plan de exportaciones para la pospandemia y coincidimos en que para la Regi\u00f3n Centro y para una provincia productora de alimentos como es Entre R\u00edos, eso resulta clave para que podamos tener desarrollo productivo y empleo. Pero tambi\u00e9n vemos con preocupaci\u00f3n que hay sectores que han perdido su capital de trabajo, donde claramente el sector de turismo es el m\u00e1s perjudicado\u201d.<\/p>\n<p>\u201cTransmit\u00ed al ministro de Turismo de Naci\u00f3n esta preocupaci\u00f3n, me coment\u00f3 de programas que est\u00e1n por salir para ir en auxilio\u201d, dijo y asegur\u00f3 que \u201cva a haber un Estado presente trabajando codo a codo con el sector privado para que no se caiga la actividad econ\u00f3mica y que el producto bruto amortig\u00fce su ca\u00edda; y que por otro lado se sostenga el empleo que es lo que m\u00e1s nos preocupa\u201d.<\/p>\n<p>Y finaliz\u00f3: \u201cDesde las arcas p\u00fablicas va a ser muy dif\u00edcil; estamos administrando con mucha austeridad los pocos recursos que tenemos para poder hacer frente a nuestros compromisos, que es el pago de sueldos y jubilaciones, pero tambi\u00e9n asignamos recursos a obra p\u00fablica porque ah\u00ed es donde est\u00e1 el trabajo de muchos entrerrianos, en el sector de la construcci\u00f3n, que hace que podamos sostener en la pospandemia fuentes de ingreso\u201d.<\/p>\n<p>&nbsp;<\/p>\n<p><strong>Actividad en Concordia<\/strong><\/p>\n<p>En su visita a Concordia, el gobernador Gustavo Bordet, junto al intendente Alfredo Francolini, recorri\u00f3 la obra del gimnasio polideportivo del Instituto Superior de Especialidades de la Educaci\u00f3n F\u00edsica (Issef), cuya \u00faltima etapa que se retom\u00f3 hace unos d\u00edas tras un proceso administrativo que permiti\u00f3 que la empresa reiniciara las tareas a fin de dar culminaci\u00f3n al proyecto tal cual estaba prevista en los pliegos.<\/p>\n<p>Lo acompa\u00f1aron en la recorrida, adem\u00e1s, el ministro de Planeamiento, Marcelo Richard; el senador nacional Edgardo Kueider; la diputada nacional, Mayda Cresto; y los legisladores provinciales Angel Giano; Armando Gay; y N\u00e9stor Loggio, entre otros.<\/p>\n","protected":false},"excerpt":{"rendered":"<p>&#8220;Vamos a tener que convivir con el virus porque esta es la nueva normalidad que los tiempos nos exigen. Ni la vuelta a clases va a ser igual, ni tampoco la forma de circular de las personas, ni de relacionarnos, por lo menos hasta que la pandemia est\u00e9 completamente dominada&#8221; &nbsp; &nbsp; El mandatario se\u00f1al\u00f3 que la pandemia en la provincia hoy \u201cest\u00e1 focalizada en tres ciudades que tienen contagio por conglomerado\u201d, pero asegur\u00f3 que &#8220;hay una situaci\u00f3n controlada, con un gran equipo epidemiol\u00f3gico y una tarea magn\u00edfica de los&#8230;<\/p>\n","protected":false},"author":3,"featured_media":64317,"comment_status":"closed","ping_status":"closed","sticky":false,"template":"","format":"standard","meta":[],"categories":[9],"tags":[],"_links":{"self":[{"href":"https:\/\/www.actualidadadiario.com\/index.php\/wp-json\/wp\/v2\/posts\/64316"}],"collection":[{"href":"https:\/\/www.actualidadadiario.com\/index.php\/wp-json\/wp\/v2\/posts"}],"about":[{"href":"https:\/\/www.actualidadadiario.com\/index.php\/wp-json\/wp\/v2\/types\/post"}],"author":[{"embeddable":true,"href":"https:\/\/www.actualidadadiario.com\/index.php\/wp-json\/wp\/v2\/users\/3"}],"replies":[{"embeddable":true,"href":"https:\/\/www.actualidadadiario.com\/index.php\/wp-json\/wp\/v2\/comments?post=64316"}],"version-history":[{"count":1,"href":"https:\/\/www.actualidadadiario.com\/index.php\/wp-json\/wp\/v2\/posts\/64316\/revisions"}],"predecessor-version":[{"id":64318,"href":"https:\/\/www.actualidadadiario.com\/index.php\/wp-json\/wp\/v2\/posts\/64316\/revisions\/64318"}],"wp:featuredmedia":[{"embeddable":true,"href":"https:\/\/www.actualidadadiario.com\/index.php\/wp-json\/wp\/v2\/media\/64317"}],"wp:attachment":[{"href":"https:\/\/www.actualidadadiario.com\/index.php\/wp-json\/wp\/v2\/media?parent=64316"}],"wp:term":[{"taxonomy":"category","embeddable":true,"href":"https:\/\/www.actualidadadiario.com\/index.php\/wp-json\/wp\/v2\/categories?post=64316"},{"taxonomy":"post_tag","embeddable":true,"href":"https:\/\/www.actualidadadiario.com\/index.php\/wp-json\/wp\/v2\/tags?post=64316"}],"curies":[{"name":"wp","href":"https:\/\/api.w.org\/{rel}","templated":true}]}}