{"id":64296,"date":"2020-07-16T12:41:33","date_gmt":"2020-07-16T15:41:33","guid":{"rendered":"https:\/\/www.actualidadadiario.com\/?p=64296"},"modified":"2020-07-30T16:03:02","modified_gmt":"2020-07-30T19:03:02","slug":"santiago-cafiero-debera-responder-mas-de-1-600-preguntas-de-los-diputados","status":"publish","type":"post","link":"https:\/\/www.actualidadadiario.com\/index.php\/2020\/07\/16\/santiago-cafiero-debera-responder-mas-de-1-600-preguntas-de-los-diputados\/","title":{"rendered":"Santiago Cafiero deber\u00e1 responder m\u00e1s de 1.600 preguntas de los diputados"},"content":{"rendered":"<p style=\"text-align: center;\"><em><strong>El jefe de Gabinete se presentar\u00e1 en el recinto de la C\u00e1mara baja el pr\u00f3ximo 30 de julio. La mayor parte de los requerimientos de informaci\u00f3n se centran en la pandemia del coronavirus y sus efectos econ\u00f3micos y sociales<\/strong><\/em><\/p>\n<p>&nbsp;<\/p>\n<p>&nbsp;<\/p>\n<p>El jefe de Gabinete, Santiago Cafiero, deber\u00e1 responder en los pr\u00f3ximos d\u00edas a m\u00e1s de 1.600 preguntas de los diputados y diputadas, todas ellas vinculadas a la emergencia sanitaria y econ\u00f3mica como consecuencia de la pandemia de coronavirus, en el marco del informe de gesti\u00f3n que brindar\u00e1 el pr\u00f3ximo 30 de julio en el recinto de la C\u00e1mara baja.<\/p>\n<p>El funcionario brindar\u00e1 un nuevo informe sobre la gesti\u00f3n del gobierno, como lo establece el art\u00edculo 101 de la Constituci\u00f3n Nacional, en una sesi\u00f3n remota que tendr\u00e1 una asistencia presencial de unos 40 legisladores y el resto lo har\u00e1 en forma virtual, debido a las restricciones por el Aislamiento Social, Preventivo y Obligatorio (ASPO).<\/p>\n<p>Ser\u00e1 la segunda vez desde su asunci\u00f3n que Cafiero se presenta en el Congreso de la Naci\u00f3n, ya que su debut fue el 18 de junio pasado en la C\u00e1mara de Senadores.<\/p>\n<p>Durante la sesi\u00f3n que presidir\u00e1 el titular de la c\u00e1mara baja, Sergio Massa, el jefe de Gabinete realizar\u00e1 una exposici\u00f3n y luego responder\u00e1 las preguntas que realice cada bloque parlamentario, que dispondr\u00e1 de una cantidad de minutos de acuerdo al n\u00famero de legisladores que integran cada fuerza pol\u00edtica.<\/p>\n<p>Seg\u00fan la informaci\u00f3n relevada por la Secretar\u00eda de Relaciones Parlamentarias, a cargo de Fernando &#8220;Chino&#8221; Navarro, se recibieron m\u00e1s de &#8220;2.300 requisitorias por parte de los integrantes de 16 bloques de la C\u00e1mara Baja, las cuales luego de su clasificaci\u00f3n y depuraci\u00f3n arrojaron un total de 1.651 preguntas consolidadas&#8221;.<\/p>\n<p>&#8220;Se trata del segundo informe en cantidad de preguntas de la historia de la Jefatura de Gabinete ya que s\u00f3lo fue superado por el informe 110 del 16 de mayo de 2018, con 1.989 preguntas&#8221;, precis\u00f3 un comunicado explicativo de lo que ser\u00e1 la visita del ministro coordinador.<\/p>\n<p>El texto del comunicado detalla que &#8220;los bloques que m\u00e1s consultas realizaron fueron el PRO con 736, seguido por la UCR, con 510, y la Coalici\u00f3n C\u00edvica, con 101. En suma, &#8220;el interbloque Juntos por el Cambio realiz\u00f3 1.347 preguntas, casi el 82 por ciento del total&#8221;, se detall\u00f3.<\/p>\n<p>En tanto, la diputada que m\u00e1s preguntas realiz\u00f3 fue la legisladora del Frente de Izquierda, Romina del Pla, con 91 consultas. Le siguieron el diputado Ezequiel Fern\u00e1ndez Langan (PRO), con 77, y Graciela Oca\u00f1a (PRO), con 69.<\/p>\n<p>Sobre las \u00e1reas de gesti\u00f3n consultadas figura en primer lugar el Ministerio de Salud, con 190 consultas, y en segundo t\u00e9rmino la cartera de Desarrollo Productivo, con 185 preguntas, mientras que sobre la Canciller\u00eda se hicieron 112 preguntas.<\/p>\n<p>La Secretar\u00eda de Relaciones Parlamentarias de la Jefatura de Gabinete recuerda que ser\u00e1 el informe 126 que se realice &#8220;luego de que el Jefe de Gabinete de Ministros se presentara el 18 de junio en la C\u00e1mara de Senadores&#8221;.<\/p>\n<p>Se\u00f1al\u00f3 que la Jefatura de Gabinete envi\u00f3 &#8220;el 1 de julio \u00faltimo la nota formal a la c\u00e1mara baja, poni\u00e9ndose a disposici\u00f3n del cuerpo para dar cumplimiento al mandato constitucional de asistir al Congreso alternadamente, situaci\u00f3n que se hab\u00eda visto afectada por la pandemia de coronavirus, que oblig\u00f3 al Congreso a readecuar su funcionamiento y adoptar medidas de aislamiento sanitario&#8221;.<\/p>\n<p>Por \u00faltimo, se record\u00f3 tambi\u00e9n que desde la asunci\u00f3n del presidente Alberto Fern\u00e1ndez &#8220;el di\u00e1logo entre el Poder Ejecutivo y el Poder Legislativo ha sido constante&#8221;, con la asistencia de m\u00e1s de 84 funcionarios nacionales a reuniones de comisi\u00f3n de ambas c\u00e1maras, cifra que ya supera las 76 presencias de integrantes del Poder Ejecutivo Nacional correspondientes a todo el 2019.<\/p>\n","protected":false},"excerpt":{"rendered":"<p>El jefe de Gabinete se presentar\u00e1 en el recinto de la C\u00e1mara baja el pr\u00f3ximo 30 de julio. La mayor parte de los requerimientos de informaci\u00f3n se centran en la pandemia del coronavirus y sus efectos econ\u00f3micos y sociales &nbsp; &nbsp; El jefe de Gabinete, Santiago Cafiero, deber\u00e1 responder en los pr\u00f3ximos d\u00edas a m\u00e1s de 1.600 preguntas de los diputados y diputadas, todas ellas vinculadas a la emergencia sanitaria y econ\u00f3mica como consecuencia de la pandemia de coronavirus, en el marco del informe de gesti\u00f3n que brindar\u00e1 el pr\u00f3ximo&#8230;<\/p>\n","protected":false},"author":3,"featured_media":64297,"comment_status":"closed","ping_status":"closed","sticky":false,"template":"","format":"standard","meta":[],"categories":[18],"tags":[],"_links":{"self":[{"href":"https:\/\/www.actualidadadiario.com\/index.php\/wp-json\/wp\/v2\/posts\/64296"}],"collection":[{"href":"https:\/\/www.actualidadadiario.com\/index.php\/wp-json\/wp\/v2\/posts"}],"about":[{"href":"https:\/\/www.actualidadadiario.com\/index.php\/wp-json\/wp\/v2\/types\/post"}],"author":[{"embeddable":true,"href":"https:\/\/www.actualidadadiario.com\/index.php\/wp-json\/wp\/v2\/users\/3"}],"replies":[{"embeddable":true,"href":"https:\/\/www.actualidadadiario.com\/index.php\/wp-json\/wp\/v2\/comments?post=64296"}],"version-history":[{"count":1,"href":"https:\/\/www.actualidadadiario.com\/index.php\/wp-json\/wp\/v2\/posts\/64296\/revisions"}],"predecessor-version":[{"id":64298,"href":"https:\/\/www.actualidadadiario.com\/index.php\/wp-json\/wp\/v2\/posts\/64296\/revisions\/64298"}],"wp:featuredmedia":[{"embeddable":true,"href":"https:\/\/www.actualidadadiario.com\/index.php\/wp-json\/wp\/v2\/media\/64297"}],"wp:attachment":[{"href":"https:\/\/www.actualidadadiario.com\/index.php\/wp-json\/wp\/v2\/media?parent=64296"}],"wp:term":[{"taxonomy":"category","embeddable":true,"href":"https:\/\/www.actualidadadiario.com\/index.php\/wp-json\/wp\/v2\/categories?post=64296"},{"taxonomy":"post_tag","embeddable":true,"href":"https:\/\/www.actualidadadiario.com\/index.php\/wp-json\/wp\/v2\/tags?post=64296"}],"curies":[{"name":"wp","href":"https:\/\/api.w.org\/{rel}","templated":true}]}}