{"id":64294,"date":"2020-07-16T12:40:39","date_gmt":"2020-07-16T15:40:39","guid":{"rendered":"https:\/\/www.actualidadadiario.com\/?p=64294"},"modified":"2020-07-30T16:03:02","modified_gmt":"2020-07-30T19:03:02","slug":"macri-pidio-que-no-investiguen-sus-celulares","status":"publish","type":"post","link":"https:\/\/www.actualidadadiario.com\/index.php\/2020\/07\/16\/macri-pidio-que-no-investiguen-sus-celulares\/","title":{"rendered":"Macri pidi\u00f3 que no investiguen sus celulares"},"content":{"rendered":"<p style=\"text-align: center;\"><em><strong>El ex presidente Mauricio Macri pidi\u00f3 que no se lleve a cabo el entrecruzamiento de llamadas que hab\u00eda ordenado la magistrada federal Mar\u00eda Servini en el marco de una causa que investiga supuestas presiones al Grupo Indalo durante su gobierno<\/strong><\/em><\/p>\n<p>&nbsp;<\/p>\n<p>&nbsp;<\/p>\n<p>La jueza hab\u00eda ordenado el 6 de julio una serie de medidas de prueba, entre las que se destacaba un amplio entrecruzamiento de llamados entre Macri, los extitulares de la AFIP Alberto Abad y Leandro Cuccioli y otros imputados en la causa, a fin de establecer si hab\u00eda comunicaciones entre ellos en los d\u00edas en los que los denunciantes afirmaron haber recibido presiones o en los que el Gobierno de Cambiemos dict\u00f3 medidas que perjudicaron al Grupo Indalo.<\/p>\n<p>El expresidente reclam\u00f3 adem\u00e1s que su apelaci\u00f3n tenga efectos &#8220;suspensivos&#8221; sobre las medidas dispuestas en la causa, en la que interviene el fiscal Guillermo Marijuan, porque podr\u00eda generar &#8220;perjuicios irreparables&#8221;.<\/p>\n<p>&#8220;Lo dispuesto carece de la debida fundamentaci\u00f3n y vulnera los derechos, principios y garant\u00edas de la defensa en juicio, debido proceso, m\u00ednima intervenci\u00f3n estatal, no injerencia indebida, intimidad, proporcionalidad, racionalidad, dignidad humana y porque compromete la seguridad nacional por las caracter\u00edsticas desproporcionadas, exorbitantes y abusivas que presenta&#8221;, sostuvo el exmandatario.<\/p>\n<p>Otra de las cosas que pidi\u00f3 Macri fue acceder a copias de todo el expediente y de la eventual documentaci\u00f3n que se pudiera encontrar reservada y que se lo exima de la de tener que presentarse en los tribunales federales de Comodoro Py a ratificar presencialmente el escrito &#8220;por el estado de excepci\u00f3n&#8221; en el que se encuentra la Argentina debido al aislamiento social preventivo y obligatorio.<\/p>\n<p>Macri sostuvo que la medida dispuesta por Servini precisa una &#8220;urgente e imperiosa fulminaci\u00f3n por la Alzada&#8221; (en relaci\u00f3n a la C\u00e1mara Federal porte\u00f1a) y sostuvo que de llevarse a cabo se estar\u00eda violentando su &#8220;intimidad privada y familiar&#8221;, la cual &#8220;se debe unir inescindiblemente&#8221; a su condici\u00f3n de expresidente de la Naci\u00f3n.<\/p>\n<p>Cuando dispuso las medidas ahora cuestionadas, la jueza Servini sostuvo que se trataba de diligencias que &#8220;permitir\u00e1n contribuir al avance de la investigaci\u00f3n, en aras de descubrir la verdad&#8221;, y adem\u00e1s recalc\u00f3 que, en lo que va de la pesquisa, &#8220;todas las reuniones, como as\u00ed tambi\u00e9n las comunicaciones&#8221; denunciadas entre imputados &#8220;fueron ratificadas a lo largo del expediente por diferentes personas&#8221;.<\/p>\n<p>Servini hab\u00eda ordenado en primer lugar que se requieran los n\u00fameros telef\u00f3nicos registrados a nombre de Macri, Jos\u00e9 Mar\u00eda Torello, Nicol\u00e1s Caputo, Fabi\u00e1n Rodr\u00edguez Sim\u00f3n, Mario Quintana, Javier Iguacel, Alberto Abad, Leandro Cuccioli, Mart\u00edn Rappallini, Orlando Terranova e Ignacio Rosner entre enero de 2016 y agosto de 2019.<\/p>\n<p>Posteriormente, solicit\u00f3 los &#8220;registros de comunicaciones con activaci\u00f3n de celdas en el per\u00edodo comprendido entre el 1 de enero de 2016 y 31 de agosto de 2019&#8221;.<\/p>\n<p>Con toda esta informaci\u00f3n -dispuso- se &#8220;deber\u00e1 realizar un estudio temporal\/espacial con el objeto de identificar el entramado de las comunicaciones de los abonados&#8221; y &#8220;sus interlocutores (comunes, frecuentes y los que surjan de los informes&#8221;, y entrecruzarlos adem\u00e1s con los tel\u00e9fonos de quienes habr\u00edan recibido llamados vinculados a la situaci\u00f3n del Grupo Indalo.<\/p>\n<p>En la resoluci\u00f3n, la jueza aludi\u00f3 sobre todo a comunicaciones a partir de eventos determinados que se iniciaron el 13 de marzo de 2016 con la publicaci\u00f3n de una nota period\u00edstica sobre la &#8220;supuesta deuda de Oil Combustibles SA con el Fisco Nacional&#8221;.<\/p>\n<p>En la causa hay un pedido de citaci\u00f3n a declaraci\u00f3n indagatoria contra el extitular de AFIP, Abad, hecho por el fiscal del caso Marijuan hace dos semanas y sobre el cual la magistrada a\u00fan no resolvi\u00f3.<\/p>\n<p>&nbsp;<\/p>\n<p><strong>La causa<\/strong><\/p>\n<p>La causa a cargo de Servini se abri\u00f3 en base a hechos denunciados por De Sousa inicialmente en el fuero comercial, en el expediente concursal de Oil Combustibles, donde relat\u00f3 presiones sobre \u00e9l, su socio L\u00f3pez y sus empresas por parte del gobierno de Macri y a trav\u00e9s de la AFIP. Esto deriv\u00f3 en la apertura de una causa penal a cargo de Servini, donde fueron denunciados el propio ex Presidente, el asesor Jos\u00e9 Torello, el ex vicejefe de Gabinete Mario Quintana, el ex titular de la AFIP Alberto Abad, su sucesor, Leandro Cuccioli, el hombre de la mesa judicial Fabi\u00e1n \u201cPep\u00edn\u201d Rodr\u00edguez Sim\u00f3n y el empresario Nicol\u00e1s Caputo. A todos se les atribuye alguna participaci\u00f3n en presiones sobre L\u00f3pez y De Sousa para desapoderarlos de sus empresas.<\/p>\n<p>Seg\u00fan los denunciantes el objetivo de fondo era ahogar a Indalo, Oil y los medios de comunicaci\u00f3n del grupo, con un doble objetivo: por un lado encarcelar a la ex presidenta y, por el otro lado, para que todo el grupo termine en manos de amigos del actual gobierno o que quiebre y quede como un s\u00edmbolo de lo que le pasa a los empresarios que no se sumaron a la guerra contra el gobierno anterior.<\/p>\n<p>&nbsp;<\/p>\n<p><strong>La declaraci\u00f3n de L\u00f3pez<\/strong><\/p>\n<p>El propio L\u00f3pez declar\u00f3 como testigo el 5 de noviembre de 2019 y revel\u00f3 que en un encuentro con Macri el 25 de octubre de 2015, el mismo d\u00eda de las elecciones presidenciales, el entonces candidato le advirti\u00f3: \u201cNecesito el canal para ir por Cristina\u201d. \u201c\u00bfQu\u00e9 significa ir por Cristina?\u201d dijo que le pregunt\u00f3. La respuesta fue: \u201cHay que meterla presa\u201d. \u201cNo, no cont\u00e9s conmigo. No soy amigo de Cristina pero la aprecio y creo en el proyecto del kirchnerismo. De ah\u00ed en adelante no s\u00e9 c\u00f3mo sigui\u00f3 la charla. Me puse nervioso, me alter\u00f3\u201d, declar\u00f3 L\u00f3pez. La reuni\u00f3n, dijo, hab\u00eda sido en Barrio Parque, en la casa de Franco Macri. Macri le hab\u00eda dicho que sab\u00eda que ganar\u00edan en un ballottage, porque se los hab\u00eda dicho \u201cla embajada\u201d.<\/p>\n<p>La declaraci\u00f3n de L\u00f3pez abarca 18 p\u00e1ginas del expediente y detalla la forma en que se manifestaron las presiones de todo tipo, incluyendo la amenaza de la prisi\u00f3n, algo que finalmente se concret\u00f3 con el protagonismo del propio Macri, quien lleg\u00f3 a quejarse porque L\u00f3pez y De Sousa hab\u00edan recuperado la libertad. A lo largo de la declaraci\u00f3n van apareciendo varios compradores, todos relacionados con los entonces ocupantes de la Casa Rosada, pero en alg\u00fan momento se frenan las operaciones con una consigna asombrosa: &#8220;no queremos que L\u00f3pez y De Sousa vendan. Queremos que quiebren. Es un tema pol\u00edtico&#8221;, relat\u00f3 L\u00f3pez.<\/p>\n<p>La mano oculta del expresidente apareci\u00f3 en forma permanente en la declaraci\u00f3n testimonial del empresario. Tras la reuni\u00f3n en casa de Franco Macri, dos meses despu\u00e9s, ya en enero de 2016, el empresario relata que fue citado por Fabi\u00e1n (Pep\u00edn) Rodr\u00edguez Sim\u00f3n, en el Palacio Duhau y en el Hotel Hayatt. &#8220;El presidente quiere que no ganen nada en los cuatro a\u00f1os que vienen&#8221;, cuenta L\u00f3pez que le dijo Pep\u00edn. &#8220;Es eso, o les rescindimos todos los contratos de las empresas de juego&#8221;, amenaz\u00f3 el referente judicial de Macri. En el testimonio de L\u00f3pez, el apriete concluy\u00f3 cuando vendi\u00f3 sus participaciones en esas empresas. &#8220;Despu\u00e9s de eso, no se habl\u00f3 m\u00e1s del juego en la Ciudad de Buenos Aires. El problema era que yo vendiera&#8221;, razon\u00f3 el empresario.<\/p>\n<p>&#8220;En determinado momento, le dijeron a nuestro abogado que arregle los honorarios con nosotros porque empez\u00f3 la guerra. Y ese domingo, se public\u00f3 una nota de Hugo Alconada Mon y a la noche Macri concedi\u00f3 una entrevista a Luis Majul. En los dos lugares nos acusaban de que le deb\u00edamos ocho mil millones de pesos a la Afip&#8221;. Como se demostr\u00f3 en la pericia realizada por contadores de la Corte Suprema, esa deuda no exist\u00eda y el grupo Indalo estaba al d\u00eda con los planes de pago que se le hab\u00edan otorgado. Fueron planes de pago que se le hab\u00edan concedido a much\u00edsimas otras empresas. &#8220;Con esas acusaciones, nos sentimos dos perejiles contra el estado completo. Era como ir a la guerra contra Estados Unidos con dos escarbadientes&#8221;, sintetiz\u00f3 L\u00f3pez.<\/p>\n<p>En los momentos de mayor presi\u00f3n, siempre aparec\u00eda un comprador ligado a la casa Rosada de Macri. El primero, Orly Terranova, que hasta envi\u00f3 a sus gerentes a sentarse en las oficinas de Indalo. &#8220;Dec\u00eda que actuaba en acuerdo con Macri y con Nicky Caputo. Se pact\u00f3 un lanzamiento de la venta, pero una aparente interna en el gobierno, derrumb\u00f3 el acuerdo de un d\u00eda para otro. A Orly no lo vi nunca m\u00e1s, se esfum\u00f3&#8221;.<\/p>\n<p>Despu\u00e9s apareci\u00f3 en escena Ignacio Rosner, supuesto representante de un fondo de inversi\u00f3n norteamericano, quien se present\u00f3 como &#8220;muy muy amigo de Mauricio&#8221;: &#8220;Fui al Newman, tengo llegada a Magnetto porque fui director de Cablevisi\u00f3n y tambi\u00e9n llego a Alberto Abad&#8221;. En el trasfondo tambi\u00e9n sol\u00eda aparecer Mario Quintana, uno de los hombres fuertes de la jefatura de Gabinete, a veces como mediador de las posibles operaciones de compra, pero en otra ocasi\u00f3n directamente interesado en participar. Otro que habr\u00eda funcionado como intermediario es Jos\u00e9 Torello, tambi\u00e9n integrante de la mesa judicial. Se llegaron a firmar convenios por alguna parte del grupo, siempre sujetos a la aprobaci\u00f3n del juez Juli\u00e1n Ercolini, pero parec\u00eda haber dudas permanentes porque seduc\u00eda el impacto de hacer quebrar Indalo, exhibirlo pol\u00edticamente.<\/p>\n<p>El relato de L\u00f3pez sobre las amenazas de prisi\u00f3n result\u00f3 crudo. El empresario cont\u00f3 que le empezaron a llegar los rumores de que lo detendr\u00edan, por lo que decidi\u00f3 consultarle, a trav\u00e9s de un amigo, a Daniel Angelici, \u00edntimo amigo y colaborador de Macri. El presidente Boca le dijo: &#8220;andate a Sudafrica, vas a ir preso. Con Sud\u00e1frica no hay convenido de extradici\u00f3n&#8221;.<\/p>\n<p>En el camino hubo otros posibles compradores, como el grupo petrolero Trasfigura, e incluso se firm\u00f3 alg\u00fan convenio para ser presentado ante el juez Ercolini. La oferta era por 420 millones de d\u00f3lares, tres veces m\u00e1s de lo que al final se vendi\u00f3 por parte de la intervenci\u00f3n judicial del grupo empresario. Siempre Ercolini rechaz\u00f3 las propuestas y siempre apareci\u00f3 el obst\u00e1culo de la Afip, que nunca busc\u00f3 cobrar los impuestos, sino empujar al grupo a la quiebra.<\/p>\n<p>Lo concreto, es que como hab\u00eda adelantado Angelici, en la previa de las elecciones de 2017, Crist\u00f3bal L\u00f3pez y Fabi\u00e1n De Sousa fueron apresados con el argumento de que hab\u00edan intentado una venta del Grupo Indalo a espaldas del juez. La investigaci\u00f3n de ese hecho, a cargo de la jueza federal Mar\u00eda Eugenia Capuchetti, determin\u00f3 que nunca ocurri\u00f3 tal venta, es decir que la raz\u00f3n por la que se encarcel\u00f3 a los empresarios result\u00f3 falsa.<\/p>\n","protected":false},"excerpt":{"rendered":"<p>El ex presidente Mauricio Macri pidi\u00f3 que no se lleve a cabo el entrecruzamiento de llamadas que hab\u00eda ordenado la magistrada federal Mar\u00eda Servini en el marco de una causa que investiga supuestas presiones al Grupo Indalo durante su gobierno &nbsp; &nbsp; La jueza hab\u00eda ordenado el 6 de julio una serie de medidas de prueba, entre las que se destacaba un amplio entrecruzamiento de llamados entre Macri, los extitulares de la AFIP Alberto Abad y Leandro Cuccioli y otros imputados en la causa, a fin de establecer si hab\u00eda&#8230;<\/p>\n","protected":false},"author":3,"featured_media":49545,"comment_status":"closed","ping_status":"closed","sticky":false,"template":"","format":"standard","meta":[],"categories":[18],"tags":[],"_links":{"self":[{"href":"https:\/\/www.actualidadadiario.com\/index.php\/wp-json\/wp\/v2\/posts\/64294"}],"collection":[{"href":"https:\/\/www.actualidadadiario.com\/index.php\/wp-json\/wp\/v2\/posts"}],"about":[{"href":"https:\/\/www.actualidadadiario.com\/index.php\/wp-json\/wp\/v2\/types\/post"}],"author":[{"embeddable":true,"href":"https:\/\/www.actualidadadiario.com\/index.php\/wp-json\/wp\/v2\/users\/3"}],"replies":[{"embeddable":true,"href":"https:\/\/www.actualidadadiario.com\/index.php\/wp-json\/wp\/v2\/comments?post=64294"}],"version-history":[{"count":1,"href":"https:\/\/www.actualidadadiario.com\/index.php\/wp-json\/wp\/v2\/posts\/64294\/revisions"}],"predecessor-version":[{"id":64295,"href":"https:\/\/www.actualidadadiario.com\/index.php\/wp-json\/wp\/v2\/posts\/64294\/revisions\/64295"}],"wp:featuredmedia":[{"embeddable":true,"href":"https:\/\/www.actualidadadiario.com\/index.php\/wp-json\/wp\/v2\/media\/49545"}],"wp:attachment":[{"href":"https:\/\/www.actualidadadiario.com\/index.php\/wp-json\/wp\/v2\/media?parent=64294"}],"wp:term":[{"taxonomy":"category","embeddable":true,"href":"https:\/\/www.actualidadadiario.com\/index.php\/wp-json\/wp\/v2\/categories?post=64294"},{"taxonomy":"post_tag","embeddable":true,"href":"https:\/\/www.actualidadadiario.com\/index.php\/wp-json\/wp\/v2\/tags?post=64294"}],"curies":[{"name":"wp","href":"https:\/\/api.w.org\/{rel}","templated":true}]}}