{"id":64291,"date":"2020-07-16T12:39:36","date_gmt":"2020-07-16T15:39:36","guid":{"rendered":"https:\/\/www.actualidadadiario.com\/?p=64291"},"modified":"2020-07-30T16:03:02","modified_gmt":"2020-07-30T19:03:02","slug":"diputados-empieza-a-debatir-el-proyecto-de-moratoria","status":"publish","type":"post","link":"https:\/\/www.actualidadadiario.com\/index.php\/2020\/07\/16\/diputados-empieza-a-debatir-el-proyecto-de-moratoria\/","title":{"rendered":"Diputados empieza a debatir el proyecto de moratoria"},"content":{"rendered":"<p style=\"text-align: center;\"><em><strong>La Comisi\u00f3n de Presupuesto y Hacienda de la C\u00e1mara de Diputados comenzar\u00e1 a analizar hoy el proyecto de ley de moratoria elaborado por el Poder Ejecutivo<\/strong><\/em><\/p>\n<p>&nbsp;<\/p>\n<p>&nbsp;<\/p>\n<p>El plenario de la comisi\u00f3n -que conduce el diputado oficialista Carlos Heller- se reunir\u00e1 a las 17 para tratar la iniciativa que permite cancelar en cuotas las deudas impositivas, previsionales y aduaneras contra\u00eddas hasta el 30 de junio pasado.<\/p>\n<p>La discusi\u00f3n -que se llevar\u00e1 a cabo a trav\u00e9s del sistema de videoconferencia- comenzar\u00e1 con el an\u00e1lisis de sendos informes que brindar\u00e1n funcionarios de AFIP -con Mercedes Marc\u00f3 del Pont a la cabeza- y del Ministerio de Desarrollo Productivo que lidera Mat\u00edas Kulfas. El bloque de diputados del Frente de Todos, que conduce M\u00e1ximo Kirchner, aspira a sancionar este proyecto antes de fin de mes.<\/p>\n<p>La iniciativa forma parte de un paquete de leyes impulsadas por el Gobierno, que contempla tambi\u00e9n la reestructuraci\u00f3n de la deuda emitida a nivel local y la ampliaci\u00f3n del Presupuesto de este a\u00f1o.<\/p>\n<p>De todos modos, el primer objetivo del oficialismo es avanzar con el proyecto de moratoria para las deudas impositivas, previsionales y aduaneras. El proyecto amplia la cantidad de contribuyentes que pueden adherirse a la moratoria aprobada en la ley de Solidaridad Social.<\/p>\n","protected":false},"excerpt":{"rendered":"<p>La Comisi\u00f3n de Presupuesto y Hacienda de la C\u00e1mara de Diputados comenzar\u00e1 a analizar hoy el proyecto de ley de moratoria elaborado por el Poder Ejecutivo &nbsp; &nbsp; El plenario de la comisi\u00f3n -que conduce el diputado oficialista Carlos Heller- se reunir\u00e1 a las 17 para tratar la iniciativa que permite cancelar en cuotas las deudas impositivas, previsionales y aduaneras contra\u00eddas hasta el 30 de junio pasado. La discusi\u00f3n -que se llevar\u00e1 a cabo a trav\u00e9s del sistema de videoconferencia- comenzar\u00e1 con el an\u00e1lisis de sendos informes que brindar\u00e1n funcionarios&#8230;<\/p>\n","protected":false},"author":3,"featured_media":64292,"comment_status":"closed","ping_status":"closed","sticky":false,"template":"","format":"standard","meta":[],"categories":[18],"tags":[],"_links":{"self":[{"href":"https:\/\/www.actualidadadiario.com\/index.php\/wp-json\/wp\/v2\/posts\/64291"}],"collection":[{"href":"https:\/\/www.actualidadadiario.com\/index.php\/wp-json\/wp\/v2\/posts"}],"about":[{"href":"https:\/\/www.actualidadadiario.com\/index.php\/wp-json\/wp\/v2\/types\/post"}],"author":[{"embeddable":true,"href":"https:\/\/www.actualidadadiario.com\/index.php\/wp-json\/wp\/v2\/users\/3"}],"replies":[{"embeddable":true,"href":"https:\/\/www.actualidadadiario.com\/index.php\/wp-json\/wp\/v2\/comments?post=64291"}],"version-history":[{"count":1,"href":"https:\/\/www.actualidadadiario.com\/index.php\/wp-json\/wp\/v2\/posts\/64291\/revisions"}],"predecessor-version":[{"id":64293,"href":"https:\/\/www.actualidadadiario.com\/index.php\/wp-json\/wp\/v2\/posts\/64291\/revisions\/64293"}],"wp:featuredmedia":[{"embeddable":true,"href":"https:\/\/www.actualidadadiario.com\/index.php\/wp-json\/wp\/v2\/media\/64292"}],"wp:attachment":[{"href":"https:\/\/www.actualidadadiario.com\/index.php\/wp-json\/wp\/v2\/media?parent=64291"}],"wp:term":[{"taxonomy":"category","embeddable":true,"href":"https:\/\/www.actualidadadiario.com\/index.php\/wp-json\/wp\/v2\/categories?post=64291"},{"taxonomy":"post_tag","embeddable":true,"href":"https:\/\/www.actualidadadiario.com\/index.php\/wp-json\/wp\/v2\/tags?post=64291"}],"curies":[{"name":"wp","href":"https:\/\/api.w.org\/{rel}","templated":true}]}}