{"id":64286,"date":"2020-07-16T12:37:23","date_gmt":"2020-07-16T15:37:23","guid":{"rendered":"https:\/\/www.actualidadadiario.com\/?p=64286"},"modified":"2020-07-30T16:03:02","modified_gmt":"2020-07-30T19:03:02","slug":"ahora-la-justicia-enfoco-bien-e-investigara-que-paso-con-el-dinero-prestado-a-vicentin","status":"publish","type":"post","link":"https:\/\/www.actualidadadiario.com\/index.php\/2020\/07\/16\/ahora-la-justicia-enfoco-bien-e-investigara-que-paso-con-el-dinero-prestado-a-vicentin\/","title":{"rendered":"Ahora la Justicia enfoc\u00f3 bien e investigar\u00e1 qu\u00e9 pas\u00f3 con el dinero prestado a Vicentin"},"content":{"rendered":"<p style=\"text-align: center;\"><em><strong>El fiscal Pollicita solicit\u00f3 a la divisi\u00f3n especializada en recupero de activos de la Procuraci\u00f3n que investigue el destino de los fondos que ingresaron a la firma mediante los pr\u00e9stamos irregulares del Banco Naci\u00f3n y que podr\u00edan haberse fugados a trav\u00e9s de Vicentin Paraguay. Adem\u00e1s surgen interrogantes por el faltante de informaci\u00f3n contable<\/strong><\/em><\/p>\n<p>&nbsp;<\/p>\n<p>&nbsp;<\/p>\n<p>Este mi\u00e9rcoles fue la primera audiencia de conciliaci\u00f3n entre el Gobierno de Santa Fe y el directorio de Vicentin en el juzgado civil y comercial a cargo de Fabi\u00e1n Lorenzini. All\u00ed, la Inspecci\u00f3n General de Personas Jur\u00eddicas (IGPJ) de esa provincia, a cargo de Mar\u00eda Victoria Stratta, insisti\u00f3 con el pedido de intervenci\u00f3n de la firma agroexportadora para evitar la quiebra y remarc\u00f3 que los actuales administradores -designados por los accionistas- no est\u00e1n en condiciones de continuar su tarea porque son los que han llevado a esta situaci\u00f3n a la firma.<\/p>\n<p>En paralelo, en la causa penal a cargo de Juli\u00e1n Ercolini donde se investigan los pr\u00e9stamos otorgados por el Banco Naci\u00f3n y el posible vaciamiento de la firma a trav\u00e9s de un complejo entramado empresario, el fiscal Gerardo Pollicita avanz\u00f3 con nuevas medidas, apartir de la inhibici\u00f3n general de bienes que solicit\u00f3 respecto al directorio, accionistas y exfuncionarios, requiri\u00f3 iniciar una investigaci\u00f3n patrimonial respecto de cada uno de los involucrados.<\/p>\n<p>Por eso, involucr\u00f3 a la Direcci\u00f3n General de Recuperaci\u00f3n de Activos y Decomiso de Bienes (DGRADB) para que detecte, identifique y decomise bienes y fondos supuestamente provenientes de delitos, en colaboraci\u00f3n con los investigadores para toda la n\u00f3mina de inhibidos. Y puntualiz\u00f3 que, adem\u00e1s, deber\u00e1 apuntar a la localizaci\u00f3n y recupero de los fondos provenientes del fraude al BNA, tanto de aquellos derivados del presunto otorgamiento irregular de pr\u00e9stamos, como de los provenientes de la extracci\u00f3n ileg\u00edtima de los fondos existentes en las cuentas de garant\u00eda tanto de Vicentin como de Algodonera Avellaneda que pose\u00edan en la entidad bancaria.<\/p>\n<p>En s\u00edntesis que busquen el rastro del dinero que se presume fue extra\u00eddo de las arcas de Vicentin antes de que la firma se declare primero en stress financiero y que luego se presente a la justicia a solicitar la apertura del concurso preventivo de acreedores.<\/p>\n<p>Seg\u00fan bien relat\u00f3 Gabrel Morini en \u00c1mbito Financiero, la primera audiencia de conciliaci\u00f3n convocada por Lorenzini en el juzgado Civil y Comercial de la Segunda Nominaci\u00f3n ten\u00eda por objetivo convocar a los principales protagonistas de la b\u00fasqueda conjunta de una soluci\u00f3n restaurativa de la presente litis. La familia due\u00f1a del paquete accionario pretende seguir al frente de la compa\u00f1\u00eda y buscar una soluci\u00f3n dentro del marco del concurso que les permita seguir control\u00e1ndola, a la par de que se buscan alternativas para el pago de los acreedores y la normalizaci\u00f3n de su actividad comercial. Previo a eso, pretenden que el proceso de concurso lleve a la determinaci\u00f3n del pasivo para lograr presentar un plan de negocios que saque a la cerealera de la situaci\u00f3n de crisis econ\u00f3mica y financiera en la que est\u00e1 inmersa.<\/p>\n<p>Por el lado del Gobierno de Santa Fe, Stratta aclar\u00f3: &#8220;Nosotros pedimos la intervenci\u00f3n de la administraci\u00f3n, que no es ir por la propiedad&#8221;. En rigor, existe una estrategia consensuada con las autoridades nacionales, que no descartan ning\u00fan camino, e insisten en que la marcha atr\u00e1s con la expropiaci\u00f3n de la firma se apoya en una alternativa viable para la continuidad de las actividades de Vicentin. Por eso, eval\u00faa otros planes que circulan en despachos oficiales como un plan de capitalizaci\u00f3n de la deuda en favor de los acreedores, donde el inter\u00e9s radica en las acreencias de los bancos extranjeros que podr\u00edan convertirla en acciones.<\/p>\n<p>Sin embargo, todo el recorrido est\u00e1 atravesado por la causa penal que tramita en Comodoro Py. La hip\u00f3tesis que se investiga en Retiro es que los empresarios de Vicentin en connivencia con funcionarios p\u00fablicos (del Banco Naci\u00f3n), solicitaron los empr\u00e9stitos irregulares, requirieron la liberaci\u00f3n de los fondos afectados en garant\u00eda, mientras en simult\u00e1neo postergaban el pago de sus obligaciones con el objetivo de que finalmente, cuando las autoridades del Banco quisieran cobrarse la deuda, no quedaran fondos de donde el BNA pudiese hacerlo.<\/p>\n","protected":false},"excerpt":{"rendered":"<p>El fiscal Pollicita solicit\u00f3 a la divisi\u00f3n especializada en recupero de activos de la Procuraci\u00f3n que investigue el destino de los fondos que ingresaron a la firma mediante los pr\u00e9stamos irregulares del Banco Naci\u00f3n y que podr\u00edan haberse fugados a trav\u00e9s de Vicentin Paraguay. Adem\u00e1s surgen interrogantes por el faltante de informaci\u00f3n contable &nbsp; &nbsp; Este mi\u00e9rcoles fue la primera audiencia de conciliaci\u00f3n entre el Gobierno de Santa Fe y el directorio de Vicentin en el juzgado civil y comercial a cargo de Fabi\u00e1n Lorenzini. All\u00ed, la Inspecci\u00f3n General de&#8230;<\/p>\n","protected":false},"author":3,"featured_media":62923,"comment_status":"closed","ping_status":"closed","sticky":false,"template":"","format":"standard","meta":[],"categories":[18],"tags":[],"_links":{"self":[{"href":"https:\/\/www.actualidadadiario.com\/index.php\/wp-json\/wp\/v2\/posts\/64286"}],"collection":[{"href":"https:\/\/www.actualidadadiario.com\/index.php\/wp-json\/wp\/v2\/posts"}],"about":[{"href":"https:\/\/www.actualidadadiario.com\/index.php\/wp-json\/wp\/v2\/types\/post"}],"author":[{"embeddable":true,"href":"https:\/\/www.actualidadadiario.com\/index.php\/wp-json\/wp\/v2\/users\/3"}],"replies":[{"embeddable":true,"href":"https:\/\/www.actualidadadiario.com\/index.php\/wp-json\/wp\/v2\/comments?post=64286"}],"version-history":[{"count":1,"href":"https:\/\/www.actualidadadiario.com\/index.php\/wp-json\/wp\/v2\/posts\/64286\/revisions"}],"predecessor-version":[{"id":64287,"href":"https:\/\/www.actualidadadiario.com\/index.php\/wp-json\/wp\/v2\/posts\/64286\/revisions\/64287"}],"wp:featuredmedia":[{"embeddable":true,"href":"https:\/\/www.actualidadadiario.com\/index.php\/wp-json\/wp\/v2\/media\/62923"}],"wp:attachment":[{"href":"https:\/\/www.actualidadadiario.com\/index.php\/wp-json\/wp\/v2\/media?parent=64286"}],"wp:term":[{"taxonomy":"category","embeddable":true,"href":"https:\/\/www.actualidadadiario.com\/index.php\/wp-json\/wp\/v2\/categories?post=64286"},{"taxonomy":"post_tag","embeddable":true,"href":"https:\/\/www.actualidadadiario.com\/index.php\/wp-json\/wp\/v2\/tags?post=64286"}],"curies":[{"name":"wp","href":"https:\/\/api.w.org\/{rel}","templated":true}]}}