{"id":64283,"date":"2020-07-16T12:36:33","date_gmt":"2020-07-16T15:36:33","guid":{"rendered":"https:\/\/www.actualidadadiario.com\/?p=64283"},"modified":"2020-07-30T16:03:02","modified_gmt":"2020-07-30T19:03:02","slug":"argentina-hizo-el-planteo-que-siempre-hace-el-de-preservar-los-derechos-humanos-en-venezuela","status":"publish","type":"post","link":"https:\/\/www.actualidadadiario.com\/index.php\/2020\/07\/16\/argentina-hizo-el-planteo-que-siempre-hace-el-de-preservar-los-derechos-humanos-en-venezuela\/","title":{"rendered":"&#8220;Argentina hizo el planteo que siempre hace, el de preservar los derechos humanos en Venezuela&#8221;"},"content":{"rendered":"<p style=\"text-align: center;\"><em><strong>El mandatario reafirm\u00f3 sus declaraciones del G20 y volvi\u00f3 a manifestar su preocupaci\u00f3n<\/strong><\/em><\/p>\n<p>&nbsp;<\/p>\n<p>El presidente Alberto Fern\u00e1ndez asegur\u00f3 esta ma\u00f1ana que &#8220;Argentina hizo un planteo&#8221; respecto a Venezuela con la idea de &#8220;preservar los derechos humanos&#8221; en el pa\u00eds de Nicol\u00e1s Maduro.<\/p>\n<p>&#8220;Estamos en un tiempo de la Argentina en el que cada uno usa lo que quiere de la informaci\u00f3n&#8221;, remarc\u00f3 Fern\u00e1ndez en una entrevista con AM 750.<\/p>\n<p>&#8220;Argentina hizo un planteo que siempre hace. El informe de Bachelet es muy cr\u00edtico. Argentina una vez m\u00e1s reiter\u00f3 su decisi\u00f3n de preservar los derechos humanos en Venezuela&#8221;, asegur\u00f3.<\/p>\n<p>En tanto, el presidente consider\u00f3: &#8220;Argentina dijo lo que siempre dijimos. Lo que dije en el G20 y es que ve\u00edamos con mucha preocupaci\u00f3n que se condene a los venezolanos con bloqueos econ\u00f3micos&#8221;.<\/p>\n","protected":false},"excerpt":{"rendered":"<p>El mandatario reafirm\u00f3 sus declaraciones del G20 y volvi\u00f3 a manifestar su preocupaci\u00f3n &nbsp; El presidente Alberto Fern\u00e1ndez asegur\u00f3 esta ma\u00f1ana que &#8220;Argentina hizo un planteo&#8221; respecto a Venezuela con la idea de &#8220;preservar los derechos humanos&#8221; en el pa\u00eds de Nicol\u00e1s Maduro. &#8220;Estamos en un tiempo de la Argentina en el que cada uno usa lo que quiere de la informaci\u00f3n&#8221;, remarc\u00f3 Fern\u00e1ndez en una entrevista con AM 750. &#8220;Argentina hizo un planteo que siempre hace. El informe de Bachelet es muy cr\u00edtico. Argentina una vez m\u00e1s reiter\u00f3 su&#8230;<\/p>\n","protected":false},"author":3,"featured_media":64284,"comment_status":"closed","ping_status":"closed","sticky":false,"template":"","format":"standard","meta":[],"categories":[9],"tags":[],"_links":{"self":[{"href":"https:\/\/www.actualidadadiario.com\/index.php\/wp-json\/wp\/v2\/posts\/64283"}],"collection":[{"href":"https:\/\/www.actualidadadiario.com\/index.php\/wp-json\/wp\/v2\/posts"}],"about":[{"href":"https:\/\/www.actualidadadiario.com\/index.php\/wp-json\/wp\/v2\/types\/post"}],"author":[{"embeddable":true,"href":"https:\/\/www.actualidadadiario.com\/index.php\/wp-json\/wp\/v2\/users\/3"}],"replies":[{"embeddable":true,"href":"https:\/\/www.actualidadadiario.com\/index.php\/wp-json\/wp\/v2\/comments?post=64283"}],"version-history":[{"count":1,"href":"https:\/\/www.actualidadadiario.com\/index.php\/wp-json\/wp\/v2\/posts\/64283\/revisions"}],"predecessor-version":[{"id":64285,"href":"https:\/\/www.actualidadadiario.com\/index.php\/wp-json\/wp\/v2\/posts\/64283\/revisions\/64285"}],"wp:featuredmedia":[{"embeddable":true,"href":"https:\/\/www.actualidadadiario.com\/index.php\/wp-json\/wp\/v2\/media\/64284"}],"wp:attachment":[{"href":"https:\/\/www.actualidadadiario.com\/index.php\/wp-json\/wp\/v2\/media?parent=64283"}],"wp:term":[{"taxonomy":"category","embeddable":true,"href":"https:\/\/www.actualidadadiario.com\/index.php\/wp-json\/wp\/v2\/categories?post=64283"},{"taxonomy":"post_tag","embeddable":true,"href":"https:\/\/www.actualidadadiario.com\/index.php\/wp-json\/wp\/v2\/tags?post=64283"}],"curies":[{"name":"wp","href":"https:\/\/api.w.org\/{rel}","templated":true}]}}