{"id":64276,"date":"2020-07-16T12:33:46","date_gmt":"2020-07-16T15:33:46","guid":{"rendered":"https:\/\/www.actualidadadiario.com\/?p=64276"},"modified":"2020-07-30T16:03:02","modified_gmt":"2020-07-30T19:03:02","slug":"cayo-10-el-consumo-de-medicamentos-de-venta-libre","status":"publish","type":"post","link":"https:\/\/www.actualidadadiario.com\/index.php\/2020\/07\/16\/cayo-10-el-consumo-de-medicamentos-de-venta-libre\/","title":{"rendered":"Cay\u00f3 10% el consumo de medicamentos de venta libre"},"content":{"rendered":"<p style=\"text-align: center;\"><em><strong>La comercializaci\u00f3n de remedios bajo receta se mantiene equilibrada, ya que se prioriza el tratamiento de enfermedades cr\u00f3nicas<\/strong><\/em><\/p>\n<p>&nbsp;<\/p>\n<p>&nbsp;<\/p>\n<p>Como consecuencia del impacto econ\u00f3mico por la pandemia del coronavirus (Covid-19), el\u00a0 consumo de medicamentos de venta libre cay\u00f3 10% en junio interanual, aunque los que requieren recetas mantuvieron sus ventas.<\/p>\n<p>Seg\u00fan inform\u00f3 el Centro de Profesionales Farmac\u00e9uticos (Ceprofar), esa fue la ca\u00edda en el sexto mes del a\u00f1o como derivaci\u00f3n de una recesi\u00f3n profundizada por el parate de la actividad econ\u00f3mica. Rub\u00e9n Sajem, director del Ceprofar, indic\u00f3 que &#8220;la comercializaci\u00f3n de medicamentos de venta libre cay\u00f3 10% en junio contra el mismo mes del a\u00f1o pasado; la venta de todo lo que lo que no requiere receta: algunos analg\u00e9sicos, digestivos, dermatolog\u00eda, cosmetolog\u00eda, anti\u00e1cidos, antiespasm\u00f3dicos, antimic\u00f3ticos, vitaminas, suplementos dietarios&#8221;.<\/p>\n<p>Mientras se observ\u00f3 una disminuci\u00f3n en todos esos productos, se mantiene igual la compra de medicamentos para tratamientos cr\u00f3nicos como antihipertensi\u00f3n, diabetes, enfermedades respiratorias y cardiovasculares.<\/p>\n<p>&#8220;Se compra menos y todo lo estrictamente necesario, por eso la ca\u00edda en medicamentos de venta libre. Cuando aparece la obligaci\u00f3n de un tratamiento, se est\u00e1n cumpliendo&#8221;, ampli\u00f3. En otro orden, el directivo advirti\u00f3 que &#8220;se han acortado los plazos de pago a las farmacias y esto es responsabilidad de los distribuidores que bajaron plazos de 30, 45, 60 d\u00edas, a una semana o 15 d\u00edas&#8221;.<\/p>\n<p>Asimismo, los medicamentos subieron 2,5% en la primera semana de junio y hay faltantes en g\u00f3ndola que promedian el 27%, seg\u00fan un estudio del CERX.<\/p>\n<p>Despu\u00e9s de un mayo bastante similar a abril en materia de inflaci\u00f3n, junio arranc\u00f3 con notorios re-acomodamientos de precios. Algunos ya hab\u00edan comenzado a observarse en la \u00faltima semana de mayo, especialmente en productos electr\u00f3nicos por la incidencia del nuevo d\u00f3lar importaci\u00f3n.<\/p>\n","protected":false},"excerpt":{"rendered":"<p>La comercializaci\u00f3n de remedios bajo receta se mantiene equilibrada, ya que se prioriza el tratamiento de enfermedades cr\u00f3nicas &nbsp; &nbsp; Como consecuencia del impacto econ\u00f3mico por la pandemia del coronavirus (Covid-19), el\u00a0 consumo de medicamentos de venta libre cay\u00f3 10% en junio interanual, aunque los que requieren recetas mantuvieron sus ventas. Seg\u00fan inform\u00f3 el Centro de Profesionales Farmac\u00e9uticos (Ceprofar), esa fue la ca\u00edda en el sexto mes del a\u00f1o como derivaci\u00f3n de una recesi\u00f3n profundizada por el parate de la actividad econ\u00f3mica. Rub\u00e9n Sajem, director del Ceprofar, indic\u00f3 que &#8220;la&#8230;<\/p>\n","protected":false},"author":3,"featured_media":41226,"comment_status":"closed","ping_status":"closed","sticky":false,"template":"","format":"standard","meta":[],"categories":[2],"tags":[],"_links":{"self":[{"href":"https:\/\/www.actualidadadiario.com\/index.php\/wp-json\/wp\/v2\/posts\/64276"}],"collection":[{"href":"https:\/\/www.actualidadadiario.com\/index.php\/wp-json\/wp\/v2\/posts"}],"about":[{"href":"https:\/\/www.actualidadadiario.com\/index.php\/wp-json\/wp\/v2\/types\/post"}],"author":[{"embeddable":true,"href":"https:\/\/www.actualidadadiario.com\/index.php\/wp-json\/wp\/v2\/users\/3"}],"replies":[{"embeddable":true,"href":"https:\/\/www.actualidadadiario.com\/index.php\/wp-json\/wp\/v2\/comments?post=64276"}],"version-history":[{"count":1,"href":"https:\/\/www.actualidadadiario.com\/index.php\/wp-json\/wp\/v2\/posts\/64276\/revisions"}],"predecessor-version":[{"id":64277,"href":"https:\/\/www.actualidadadiario.com\/index.php\/wp-json\/wp\/v2\/posts\/64276\/revisions\/64277"}],"wp:featuredmedia":[{"embeddable":true,"href":"https:\/\/www.actualidadadiario.com\/index.php\/wp-json\/wp\/v2\/media\/41226"}],"wp:attachment":[{"href":"https:\/\/www.actualidadadiario.com\/index.php\/wp-json\/wp\/v2\/media?parent=64276"}],"wp:term":[{"taxonomy":"category","embeddable":true,"href":"https:\/\/www.actualidadadiario.com\/index.php\/wp-json\/wp\/v2\/categories?post=64276"},{"taxonomy":"post_tag","embeddable":true,"href":"https:\/\/www.actualidadadiario.com\/index.php\/wp-json\/wp\/v2\/tags?post=64276"}],"curies":[{"name":"wp","href":"https:\/\/api.w.org\/{rel}","templated":true}]}}