{"id":64254,"date":"2020-07-16T12:27:03","date_gmt":"2020-07-16T15:27:03","guid":{"rendered":"https:\/\/www.actualidadadiario.com\/?p=64254"},"modified":"2020-07-30T16:03:11","modified_gmt":"2020-07-30T19:03:11","slug":"stratta-la-comunicacion-con-perspectiva-de-genero-es-clave-en-la-construccion-de-una-sociedad-mas-igualitaria","status":"publish","type":"post","link":"https:\/\/www.actualidadadiario.com\/index.php\/2020\/07\/16\/stratta-la-comunicacion-con-perspectiva-de-genero-es-clave-en-la-construccion-de-una-sociedad-mas-igualitaria\/","title":{"rendered":"Stratta: \u201cLa comunicaci\u00f3n con perspectiva de g\u00e9nero es clave en la construcci\u00f3n de una sociedad m\u00e1s igualitaria\u201d"},"content":{"rendered":"<p style=\"text-align: center;\"><em><strong>La vicegobernadora Laura Stratta encabez\u00f3 este mi\u00e9rcoles un nuevo encuentro de trabajo, bajo modalidad virtual, con comunicadoras sociales y periodistas de distintos puntos de la provincia y autoridades de la Facultad de Ciencias de la Educaci\u00f3n de la UNER. Se trat\u00f3 la violencia medi\u00e1tica<\/strong><\/em><\/p>\n<p>&nbsp;<\/p>\n<p>&nbsp;<\/p>\n<p>Particip\u00f3 como invitada especial la doctora en Comunicaci\u00f3n, Cynthia Ottaviano.<\/p>\n<p>En el espacio de intercambio de ideas, se abordaron los principales lineamientos del nuevo R\u00e9gimen de Protecci\u00f3n, Asistencia y Prevenci\u00f3n de la Violencia por razones de G\u00e9nero en Entre R\u00edos, que se trabaja de modo participativo y en ese marco se abord\u00f3 espec\u00edficamente la violencia medi\u00e1tica.<\/p>\n<p>Al hacer uso de la palabra, la vicegobernadora record\u00f3 c\u00f3mo se origin\u00f3 este proyecto, trabajo se viene realizando y elaborando desde hace varios meses. \u201cA quienes tenemos responsabilidades institucionales, y de gobierno, la realidad nos interpela a revisar las pol\u00edticas p\u00fablicas pero tambi\u00e9n las leyes, el marco que regula lo que podemos hacer los distintos Poderes del Estado\u201d, sostuvo.<\/p>\n<p>Luego brind\u00f3 un detalle de los principales puntos del nuevo R\u00e9gimen de Protecci\u00f3n, Asistencia y Prevenci\u00f3n de la Violencia por razones de G\u00e9nero en Entre R\u00edos. \u201cLo primero que empezamos a ver era la modificaci\u00f3n de la Ley 10.058, adhesi\u00f3n a la ley 26.485, estableciendo procedimientos propios en nuestro territorio provincial y tambi\u00e9n vimos la importancia de la revisi\u00f3n de la Ley 9.198, de violencia familiar que tenemos en la provincia de Entre R\u00edos, y que muchas veces no permite visibilizar y abordar bien la violencia de g\u00e9nero&#8221;, sostuvo Stratta, quien destac\u00f3 adem\u00e1s los encuentros que se realizaron anteriormente con organizaciones de la sociedad civil, con la investigadora y soci\u00f3loga, Dora Barrancos y tambi\u00e9n con las \u00e1reas Mujer de distintos municipios y comunas de la provincia.<\/p>\n<p>En tal sentido, Stratta expres\u00f3: \u201cNos parece importante poder tener un intercambio que nos permita enriquecer el proyecto\u201d.<\/p>\n<p>Adem\u00e1s, coment\u00f3 que ciertos principios y caracter\u00edsticas que tiene el proyecto \u201cnos parecen novedosos, potentes y marcan un criterio distinto a la legislaci\u00f3n actual\u201d. En ese sentido, ejemplific\u00f3, \u201cNos parec\u00eda importante poder empezar incorporar no solamente la mirada de la mujer que siempre tendemos a poner sobre la superficie que es la mujer urbana, sino tambi\u00e9n pensar en la mujer rural, en la mujer de isla, con todas sus particularidades y la necesidad de que el Estado pueda acompa\u00f1arlas y mirarlas\u201d, resalt\u00f3 Stratta.<\/p>\n<p>Luego, dijo que esta iniciativa contempla el derecho a la ni\u00f1ez, a la adolescencia y a las adultas mayores; protege tambi\u00e9n los derechos del colectivo LGBTIQ+, de las mujeres con discapacidad, y vela por la salud mental de las mujeres.<\/p>\n<p>Para Stratta es necesario contar con una ley que contemple otros tipos de violencia como la violencia obst\u00e9trica, laboral, institucional, p\u00fablica y pol\u00edtica y medi\u00e1tica. \u201cEsto nos permite dejar de naturalizar las violencias que padecemos en otros \u00e1mbitos porque no est\u00e1n legisladas, violencias que est\u00e1n tapadas, que est\u00e1n naturalizadas y con las que convivimos\u201d, manifest\u00f3.<\/p>\n<p>&nbsp;<\/p>\n<p><strong>Complementar miradas<\/strong><\/p>\n<p>Por su parte, Ottaviano se manifest\u00f3 agradecida por la invitaci\u00f3n a participar de esta convocatoria, entendiendo que \u201cson tem\u00e1ticas que requieren de di\u00e1logo, de encuentro, de complementar las miradas\u201d.<\/p>\n<p>Al hablar del nuevo R\u00e9gimen de Protecci\u00f3n, Asistencia y Prevenci\u00f3n de la Violencia por razones de G\u00e9nero en Entre R\u00edos, destac\u00f3 la incorporaci\u00f3n de la perspectiva de la ruralidad y de las mujeres isle\u00f1as; y el tratamiento de los distintos tipos de violencias y consider\u00f3 fundamental \u201creconocer la diversidad de las formas de ser mujeres y de ser integrantes del colectivo LGBTIQ+, y las distintas discriminaciones, entre ellas la de discapacidad\u201d.<\/p>\n<p>Valor\u00f3 \u201cel reconocimiento de esas identidades porque parte del problema que tenemos es que hay una mirada muy sesgada de la realidad. Muchas veces hay proyecciones, de creer que mi realidad es la de la mayor\u00eda y esto no es as\u00ed\u201d, dijo y agreg\u00f3: \u201cLas violencias medi\u00e1ticas y simb\u00f3licas est\u00e1n muy bien definidas en la Ley de Protecci\u00f3n Integral para prevenir, sancionar y erradicar la violencia contra las mujeres y en el di\u00e1logo con la Ley de Servicios de Comunicaci\u00f3n Audiovisual\u201d.<\/p>\n<p>\u201cCuando pensamos en el patriarcado como una forma de ordenamiento, que es econ\u00f3mico, pol\u00edtico, jur\u00eddico y comunicacional, no puedo separarlo de las l\u00f3gicas del capitalismo y los altos grados de colonialidad en los medios de comunicaci\u00f3n. Esto atraviesa las formas de producci\u00f3n, las jerarquizaciones y criterios period\u00edsticos\u201d.<\/p>\n<p>En tal sentido, la doctora en Comunicaci\u00f3n Social, asegur\u00f3: \u201cEs un desaf\u00edo extraordinario el que tenemos de replantearnos qu\u00e9 es noticia y qu\u00e9 no lo es\u201d. Y plante\u00f3 la necesidad de \u201cpensar no s\u00f3lo en lo que vemos y escuchamos en los medios de comunicaci\u00f3n, sino tambi\u00e9n en las ausencias. Cu\u00e1les son las identidades, voces e historias silenciadas\u201d.<\/p>\n<p>&nbsp;<\/p>\n<p><strong>Compromiso institucional<\/strong><\/p>\n<p>En tanto, Gabriela Bergom\u00e1s, decana de la Facultad de Ciencias de la Educaci\u00f3n de la UNER, donde se dicta la carrera de Comunicaci\u00f3n Social, agradeci\u00f3 la invitaci\u00f3n de la vicegobernadora, sin dejar de recordar su condici\u00f3n de egresada de la casa de altos estudios.<\/p>\n<p>Adem\u00e1s, Bergom\u00e1s destac\u00f3 \u201cel rol protag\u00f3nico de los medios de comunicaci\u00f3n, en vistas a lograr superar esa igualdad formal pero todav\u00eda no real en el abordaje de las cuestiones de g\u00e9nero\u201d.<\/p>\n<p>Seguidamente, consider\u00f3 que la presencia de la Facultad de Ciencias de la Comunicaci\u00f3n de la UNER \u201ctiene una especial significaci\u00f3n en tanto formadora de comunicadores sociales y por su reconocida comunidad de graduados que conforman en su mayor parte los medios locales y regionales. Adem\u00e1s de participar activamente en la implementaci\u00f3n de las pol\u00edticas de comunicaci\u00f3n en el \u00e1mbito de lo p\u00fablico\u201d, agreg\u00f3.<\/p>\n<p>La decana tambi\u00e9n manifest\u00f3: \u201cReafirmamos desde este lugar, nuestro compromiso para transformar y promover la igualdad, el tratamiento plural y eliminar la discriminaci\u00f3n en el abordaje de las cuestiones de g\u00e9nero\u201d. Y a\u00f1adi\u00f3: \u201cAqu\u00ed profundizamos nuestro compromiso con la Ley de Servicios de Comunicaci\u00f3n Audiovisual que nos da un claro posicionamiento al respecto, y crea los \u00f3rganos espec\u00edficos, como la Defensor\u00eda del P\u00fablico, al servicio de los ciudadanos, aportando una tarea de concientizaci\u00f3n que contribuye a su vez, a la transformaci\u00f3n cultural y social\u201d.<\/p>\n<p>Luego, durante la jornada, se abri\u00f3 un espacio de intercambio del que participaron periodistas de diferentes lugares de la provincia que aportaron su mirada y experiencia respecto de la violencia en el \u00e1mbito de los medios de comunicaci\u00f3n.<\/p>\n<p>En ese marco las comunicadoras se refirieron a la situaci\u00f3n laboral que viven en los diferentes medios, as\u00ed como tambi\u00e9n la importancia de la pauta publicitaria a la hora de incidir en la generaci\u00f3n de contenidos con perspectiva de g\u00e9nero. En ese marco, celebraron la posibilidad de generar el espacio de intercambio para poder aportar a la construcci\u00f3n de una ley que de respuestas a las particularidades de los diferentes \u00e1mbitos y territorios.<\/p>\n","protected":false},"excerpt":{"rendered":"<p>La vicegobernadora Laura Stratta encabez\u00f3 este mi\u00e9rcoles un nuevo encuentro de trabajo, bajo modalidad virtual, con comunicadoras sociales y periodistas de distintos puntos de la provincia y autoridades de la Facultad de Ciencias de la Educaci\u00f3n de la UNER. Se trat\u00f3 la violencia medi\u00e1tica &nbsp; &nbsp; Particip\u00f3 como invitada especial la doctora en Comunicaci\u00f3n, Cynthia Ottaviano. En el espacio de intercambio de ideas, se abordaron los principales lineamientos del nuevo R\u00e9gimen de Protecci\u00f3n, Asistencia y Prevenci\u00f3n de la Violencia por razones de G\u00e9nero en Entre R\u00edos, que se trabaja de&#8230;<\/p>\n","protected":false},"author":3,"featured_media":64255,"comment_status":"closed","ping_status":"closed","sticky":false,"template":"","format":"standard","meta":[],"categories":[15],"tags":[],"_links":{"self":[{"href":"https:\/\/www.actualidadadiario.com\/index.php\/wp-json\/wp\/v2\/posts\/64254"}],"collection":[{"href":"https:\/\/www.actualidadadiario.com\/index.php\/wp-json\/wp\/v2\/posts"}],"about":[{"href":"https:\/\/www.actualidadadiario.com\/index.php\/wp-json\/wp\/v2\/types\/post"}],"author":[{"embeddable":true,"href":"https:\/\/www.actualidadadiario.com\/index.php\/wp-json\/wp\/v2\/users\/3"}],"replies":[{"embeddable":true,"href":"https:\/\/www.actualidadadiario.com\/index.php\/wp-json\/wp\/v2\/comments?post=64254"}],"version-history":[{"count":1,"href":"https:\/\/www.actualidadadiario.com\/index.php\/wp-json\/wp\/v2\/posts\/64254\/revisions"}],"predecessor-version":[{"id":64256,"href":"https:\/\/www.actualidadadiario.com\/index.php\/wp-json\/wp\/v2\/posts\/64254\/revisions\/64256"}],"wp:featuredmedia":[{"embeddable":true,"href":"https:\/\/www.actualidadadiario.com\/index.php\/wp-json\/wp\/v2\/media\/64255"}],"wp:attachment":[{"href":"https:\/\/www.actualidadadiario.com\/index.php\/wp-json\/wp\/v2\/media?parent=64254"}],"wp:term":[{"taxonomy":"category","embeddable":true,"href":"https:\/\/www.actualidadadiario.com\/index.php\/wp-json\/wp\/v2\/categories?post=64254"},{"taxonomy":"post_tag","embeddable":true,"href":"https:\/\/www.actualidadadiario.com\/index.php\/wp-json\/wp\/v2\/tags?post=64254"}],"curies":[{"name":"wp","href":"https:\/\/api.w.org\/{rel}","templated":true}]}}