{"id":64252,"date":"2020-07-16T12:26:16","date_gmt":"2020-07-16T15:26:16","guid":{"rendered":"https:\/\/www.actualidadadiario.com\/?p=64252"},"modified":"2020-07-30T16:03:11","modified_gmt":"2020-07-30T19:03:11","slug":"santa-ana-dejaria-de-ser-considerada-zona-de-transmision-local","status":"publish","type":"post","link":"https:\/\/www.actualidadadiario.com\/index.php\/2020\/07\/16\/santa-ana-dejaria-de-ser-considerada-zona-de-transmision-local\/","title":{"rendered":"Santa Ana dejar\u00eda de ser considerada zona de transmisi\u00f3n local"},"content":{"rendered":"<p style=\"text-align: center;\"><em><strong>El director general de Epidemiolog\u00eda de la provincia, Diego Garcilazo, inform\u00f3 que en estos d\u00edas se est\u00e1n reevaluando las zonas que se encuentran con transmisi\u00f3n local por conglomerado en la provincia, para establecer una posible salida de ese estatus en funci\u00f3n de la ausencia de los contagios<\/strong><\/em><\/p>\n<p>&nbsp;<\/p>\n<p>En tal sentido, seg\u00fan pudo saber Villa del Rosario Net, el funcionario provincial indic\u00f3 que en la ciudad de Holt Ibicuy, donde hubo 44 contagios, ya se registran 11 d\u00edas desde que se confirm\u00f3 el \u00faltimo caso; mientras que en Santa Ana, que tiene un acumulado de 62 casos, el \u00faltimo que se confirm\u00f3 el 3 de julio, o sea que hace aproximadamente 12 d\u00edas sin casos nuevos.<\/p>\n<p>\u00abSe est\u00e1 evaluando que estas localidades dejen de considerarse c\u00f3mo zona de transmisi\u00f3n local. Hoy lo que tenemos como zonas de transmisi\u00f3n local activa, donde se han venido diagnosticando caso en estos \u00faltimos d\u00edas, son Paran\u00e1 y Gualeguaych\u00fa\u00bb, indic\u00f3 Garcilazo.<\/p>\n<p>Detall\u00f3 que actualmente son 234 los casos ya acumulados en la localidad de Paran\u00e1, el \u00faltimo fue con fecha de inicio de s\u00edntomas del 14 de julio; mientras que en Gualeguaych\u00fa hay 75 casos acumulados tambi\u00e9n con el \u00faltimo caso, el paciente con inicio de s\u00edntomas en los \u00faltimos dos d\u00edas.<\/p>\n<p>Se refiri\u00f3 adem\u00e1s a la situaci\u00f3n de Diamante, donde no se ha definido a\u00fan la transmisi\u00f3n local, y dijo que esta semana se ir\u00e1 viendo c\u00f3mo evoluciona la situaci\u00f3n en esa ciudad.<\/p>\n<p>En otro aspecto, coment\u00f3 que el tiempo de duplicaciones en Paran\u00e1 est\u00e1 en alrededor de los 15 d\u00edas, lo que va variando tambi\u00e9n de acuerdo a como se van ocurriendo los casos. Adem\u00e1s detall\u00f3 que hay un porcentaje de casos comunitarios del tres por ciento y de un 14 por ciento de casos en investigaci\u00f3n, lo que representa un total del 17 por ciento de casos entre investigaci\u00f3n y comunitaria.<\/p>\n<p>En tanto, en Gualeguaych\u00fa la distribuci\u00f3n de los casos es similar, ya que hay un cuatro por ciento de casos comunitarios y un 14 por ciento en investigaci\u00f3n. \u201cEsa es la situaci\u00f3n en relaci\u00f3n a las zonas de trasmisi\u00f3n local en nuestra provincia\u201d, precis\u00f3 Garcilazo.<\/p>\n","protected":false},"excerpt":{"rendered":"<p>El director general de Epidemiolog\u00eda de la provincia, Diego Garcilazo, inform\u00f3 que en estos d\u00edas se est\u00e1n reevaluando las zonas que se encuentran con transmisi\u00f3n local por conglomerado en la provincia, para establecer una posible salida de ese estatus en funci\u00f3n de la ausencia de los contagios &nbsp; En tal sentido, seg\u00fan pudo saber Villa del Rosario Net, el funcionario provincial indic\u00f3 que en la ciudad de Holt Ibicuy, donde hubo 44 contagios, ya se registran 11 d\u00edas desde que se confirm\u00f3 el \u00faltimo caso; mientras que en Santa Ana,&#8230;<\/p>\n","protected":false},"author":3,"featured_media":63504,"comment_status":"closed","ping_status":"closed","sticky":false,"template":"","format":"standard","meta":[],"categories":[15],"tags":[],"_links":{"self":[{"href":"https:\/\/www.actualidadadiario.com\/index.php\/wp-json\/wp\/v2\/posts\/64252"}],"collection":[{"href":"https:\/\/www.actualidadadiario.com\/index.php\/wp-json\/wp\/v2\/posts"}],"about":[{"href":"https:\/\/www.actualidadadiario.com\/index.php\/wp-json\/wp\/v2\/types\/post"}],"author":[{"embeddable":true,"href":"https:\/\/www.actualidadadiario.com\/index.php\/wp-json\/wp\/v2\/users\/3"}],"replies":[{"embeddable":true,"href":"https:\/\/www.actualidadadiario.com\/index.php\/wp-json\/wp\/v2\/comments?post=64252"}],"version-history":[{"count":1,"href":"https:\/\/www.actualidadadiario.com\/index.php\/wp-json\/wp\/v2\/posts\/64252\/revisions"}],"predecessor-version":[{"id":64253,"href":"https:\/\/www.actualidadadiario.com\/index.php\/wp-json\/wp\/v2\/posts\/64252\/revisions\/64253"}],"wp:featuredmedia":[{"embeddable":true,"href":"https:\/\/www.actualidadadiario.com\/index.php\/wp-json\/wp\/v2\/media\/63504"}],"wp:attachment":[{"href":"https:\/\/www.actualidadadiario.com\/index.php\/wp-json\/wp\/v2\/media?parent=64252"}],"wp:term":[{"taxonomy":"category","embeddable":true,"href":"https:\/\/www.actualidadadiario.com\/index.php\/wp-json\/wp\/v2\/categories?post=64252"},{"taxonomy":"post_tag","embeddable":true,"href":"https:\/\/www.actualidadadiario.com\/index.php\/wp-json\/wp\/v2\/tags?post=64252"}],"curies":[{"name":"wp","href":"https:\/\/api.w.org\/{rel}","templated":true}]}}