{"id":64249,"date":"2020-07-16T12:25:32","date_gmt":"2020-07-16T15:25:32","guid":{"rendered":"https:\/\/www.actualidadadiario.com\/?p=64249"},"modified":"2020-07-30T16:03:11","modified_gmt":"2020-07-30T19:03:11","slug":"se-modifican-los-criterios-para-el-alta-de-pacientes-con-sintomas-leves-de-covid","status":"publish","type":"post","link":"https:\/\/www.actualidadadiario.com\/index.php\/2020\/07\/16\/se-modifican-los-criterios-para-el-alta-de-pacientes-con-sintomas-leves-de-covid\/","title":{"rendered":"Se modifican los criterios para el alta de pacientes con s\u00edntomas leves de Covid"},"content":{"rendered":"<p style=\"text-align: center;\"><em><strong>Desde el Ministerio de Salud se inform\u00f3 que, a partir de pautas de la OMS y de la cartera sanitaria nacional, la decisi\u00f3n para otorgar el alta a pacientes con s\u00edntomas leves de Covid no requiere de un estudio de laboratorio sino que se realizan mediante un alta cl\u00ednico<\/strong><\/em><\/p>\n<p>&nbsp;<\/p>\n<p>El director general de Epidemiolog\u00eda de la provincia, Diego Garcilazo, coment\u00f3 que a partir de la nueva evidencia que present\u00f3 la Organizaci\u00f3n Mundial de la Salud (OMS) y por lo que ha venido trabajando el Ministerio de Salud de la Naci\u00f3n, se han modificado los criterios de alta de pacientes leves que contrajeron el virus. \u201cHoy los criterios de alta de los pacientes que tienen sintomatolog\u00eda leve es un criterio de alta cl\u00ednico, ya no se necesita un alta de laboratorio para los casos leves\u201d, indic\u00f3 el funcionario.<\/p>\n<p>Detall\u00f3 que se toman aproximadamente 10 d\u00edas desde la fecha de la toma de muestra, y si el paciente no ha tenido s\u00edntomas, se suman tres d\u00edas m\u00e1s y ya se puede dar el alta de manera cl\u00ednica sin necesidad de estudios de laboratorio.<\/p>\n<p>&nbsp;<\/p>\n<p><strong>Estatus sanitarios<\/strong><\/p>\n<p>En otro orden, Garcilazo inform\u00f3 que en estos d\u00edas se est\u00e1 reevaluado las zonas que se encuentran con transmisi\u00f3n local por conglomerado en la provincia, para establecer una posible salida de ese estatus en funci\u00f3n de la ausencia de los contagios.<\/p>\n<p>En tal sentido indic\u00f3 que en la ciudad de Holt Ibicuy, donde hubo 44 contagios, ya se registran 11 d\u00edas desde que se confirm\u00f3 el \u00faltimo caso; mientras que en Santa Ana, que tiene un acumulado de 62 casos, el \u00faltimo que se confirm\u00f3 el 3 de julio, o sea que hace aproximadamente 12 d\u00edas sin casos nuevos.<\/p>\n<p>&#8220;Se est\u00e1 evaluando que estas localidades dejen de considerarse c\u00f3mo zona de transmisi\u00f3n local. Hoy lo que tenemos como zonas de transmisi\u00f3n local activa, donde se han venido diagnosticando caso en estos \u00faltimos d\u00edas, son Paran\u00e1 y Gualeguaych\u00fa&#8221;, indic\u00f3 Garcilazo.<\/p>\n<p>Detall\u00f3 que actualmente son 234 los casos ya acumulados en la localidad de Paran\u00e1, el \u00faltimo fue con fecha de inicio de s\u00edntomas del 14 de julio; mientras que en Gualeguaych\u00fa hay 75 casos acumulados tambi\u00e9n con el \u00faltimo caso, el paciente con inicio de s\u00edntomas en los \u00faltimos dos d\u00edas.<\/p>\n<p>Se refiri\u00f3 adem\u00e1s a la situaci\u00f3n de Diamante, donde no se ha definido a\u00fan la transmisi\u00f3n local, y dijo que esta semana se ir\u00e1 viendo c\u00f3mo evoluciona la situaci\u00f3n en esa ciudad.<\/p>\n<p>En otro aspecto, coment\u00f3 que el tiempo de duplicaciones en Paran\u00e1 est\u00e1 en alrededor de los 15 d\u00edas, lo que va variando tambi\u00e9n de acuerdo a como se van ocurriendo los casos. Adem\u00e1s detall\u00f3 que hay un porcentaje de casos comunitarios del 3 por ciento y de un 14 por ciento de casos en investigaci\u00f3n, lo que representa un total del 17 por ciento de casos entre investigaci\u00f3n y comunitaria.<\/p>\n<p>En tanto, en Gualeguaych\u00fa la distribuci\u00f3n de los casos es similar, ya que hay un 4 por ciento de casos comunitarios y un 14 por ciento en investigaci\u00f3n. \u201cEsa es la situaci\u00f3n en relaci\u00f3n a las zonas de trasmisi\u00f3n local en nuestra provincia\u201d, precis\u00f3 Garcilazo.<\/p>\n<p>&nbsp;<\/p>\n<p><strong>Situaci\u00f3n actual<\/strong><\/p>\n<p>Por otro lado, Garcilazo actualiz\u00f3 la situaci\u00f3n epidemiol\u00f3gica de la provincia y dijo que este mi\u00e9rcoles se confirmaron 10 nuevos casos de coronavirus, cinco corresponden a la ciudad de Paran\u00e1, cuatro a la ciudad de Gualeguaych\u00fa y uno a Diamante.<\/p>\n<p>Precis\u00f3 que esto hace el acumulado de 559 casos en toda la provincia, de ellos hay 383 casos activos y 174 pacientes que han sido dados de alta.<\/p>\n<p>Dijo adem\u00e1s que en la fecha falleci\u00f3 un paciente oriundo de Santa Ana que ten\u00eda Covid. Se trata de una persona de 70 a\u00f1os que ten\u00eda comorbilidades y que estaba internado en un nosocomio de Concordia. Con ello la provincia lleva un acumulado de tres pacientes fallecidos, todos mayores de 70 a\u00f1os y algunos con comorbilidades severas.<\/p>\n<p>En referencia a la gravedad de los casos dijo que hay cinco pacientes en terapia intensiva, dos corresponden a Paran\u00e1, dos est\u00e1n internados en el hospital de Concordia y un paciente en Concepci\u00f3n del Uruguay.<\/p>\n","protected":false},"excerpt":{"rendered":"<p>Desde el Ministerio de Salud se inform\u00f3 que, a partir de pautas de la OMS y de la cartera sanitaria nacional, la decisi\u00f3n para otorgar el alta a pacientes con s\u00edntomas leves de Covid no requiere de un estudio de laboratorio sino que se realizan mediante un alta cl\u00ednico &nbsp; El director general de Epidemiolog\u00eda de la provincia, Diego Garcilazo, coment\u00f3 que a partir de la nueva evidencia que present\u00f3 la Organizaci\u00f3n Mundial de la Salud (OMS) y por lo que ha venido trabajando el Ministerio de Salud de la&#8230;<\/p>\n","protected":false},"author":3,"featured_media":64250,"comment_status":"closed","ping_status":"closed","sticky":false,"template":"","format":"standard","meta":[],"categories":[15],"tags":[],"_links":{"self":[{"href":"https:\/\/www.actualidadadiario.com\/index.php\/wp-json\/wp\/v2\/posts\/64249"}],"collection":[{"href":"https:\/\/www.actualidadadiario.com\/index.php\/wp-json\/wp\/v2\/posts"}],"about":[{"href":"https:\/\/www.actualidadadiario.com\/index.php\/wp-json\/wp\/v2\/types\/post"}],"author":[{"embeddable":true,"href":"https:\/\/www.actualidadadiario.com\/index.php\/wp-json\/wp\/v2\/users\/3"}],"replies":[{"embeddable":true,"href":"https:\/\/www.actualidadadiario.com\/index.php\/wp-json\/wp\/v2\/comments?post=64249"}],"version-history":[{"count":1,"href":"https:\/\/www.actualidadadiario.com\/index.php\/wp-json\/wp\/v2\/posts\/64249\/revisions"}],"predecessor-version":[{"id":64251,"href":"https:\/\/www.actualidadadiario.com\/index.php\/wp-json\/wp\/v2\/posts\/64249\/revisions\/64251"}],"wp:featuredmedia":[{"embeddable":true,"href":"https:\/\/www.actualidadadiario.com\/index.php\/wp-json\/wp\/v2\/media\/64250"}],"wp:attachment":[{"href":"https:\/\/www.actualidadadiario.com\/index.php\/wp-json\/wp\/v2\/media?parent=64249"}],"wp:term":[{"taxonomy":"category","embeddable":true,"href":"https:\/\/www.actualidadadiario.com\/index.php\/wp-json\/wp\/v2\/categories?post=64249"},{"taxonomy":"post_tag","embeddable":true,"href":"https:\/\/www.actualidadadiario.com\/index.php\/wp-json\/wp\/v2\/tags?post=64249"}],"curies":[{"name":"wp","href":"https:\/\/api.w.org\/{rel}","templated":true}]}}