{"id":64246,"date":"2020-07-16T12:24:36","date_gmt":"2020-07-16T15:24:36","guid":{"rendered":"https:\/\/www.actualidadadiario.com\/?p=64246"},"modified":"2020-07-30T16:03:11","modified_gmt":"2020-07-30T19:03:11","slug":"casi-cuatro-mil-pymes-entrerrianas-seran-beneficiadas-a-traves-de-una-nueva-linea-de-financiamiento","status":"publish","type":"post","link":"https:\/\/www.actualidadadiario.com\/index.php\/2020\/07\/16\/casi-cuatro-mil-pymes-entrerrianas-seran-beneficiadas-a-traves-de-una-nueva-linea-de-financiamiento\/","title":{"rendered":"Casi cuatro mil pymes entrerrianas ser\u00e1n beneficiadas a trav\u00e9s de una nueva l\u00ednea de financiamiento"},"content":{"rendered":"<p style=\"text-align: center;\"><em><strong>Tras las gestiones del gobernador Gustavo Bordet, se habilita en la provincia la nueva l\u00ednea de financiamiento Pymes Plus. Es impulsada por el Ministerio de Desarrollo Productivo de la Naci\u00f3n y beneficiar\u00e1 a m\u00e1s de 3800 micro, peque\u00f1as y medianas empresas entrerrianas<\/strong><\/em><\/p>\n<p>&nbsp;<\/p>\n<p>&#8220;Hoy los entrerrianos tenemos un gobierno nacional que nos respalda y que apuesta al trabajo y el desarrollo como respuestas para atravesar esta grave crisis&#8221;, afirm\u00f3 el gobernador Bordet, quien adem\u00e1s resalt\u00f3 las \u201cm\u00faltiples estrategias que estamos desarrollando junto con Naci\u00f3n y los municipios para atender la problem\u00e1tica&#8221;.<\/p>\n<p>El programa Pymes Plus, del Ministerio de Desarrollo Productivo de la Naci\u00f3n, alcanzar\u00e1 con cr\u00e9ditos a 3.884 peque\u00f1as y medianas empresas. &#8220;Se trata de un programa de asistencia financiera para micros y peque\u00f1as empresas, que tengan el certificado Pyme, que no tengan antecedentes bancarios o judiciales previos al 19 de marzo, y que no hayan estado asistidas en el per\u00edodo de aislamiento social y obligatorio&#8221;, precis\u00f3 en tanto el ministro de Producci\u00f3n, Juan Jos\u00e9 Bahillo.<\/p>\n<p>A trav\u00e9s de una carta, Bordet y Bahillo, se dirigieron a las empresas seleccionadas como elegibles para acceder a financiamiento en el marco de la misma para hacerles saber los detalles.<\/p>\n<p>All\u00ed, se les inform\u00f3 que el Ministerio de Desarrollo Productivo de la Naci\u00f3n habilit\u00f3 una nueva l\u00ednea de financiamiento, PyMEs Plus, dirigida espec\u00edficamente a las micro, peque\u00f1as y medianas empresas que no tienen financiamiento bancario vigente y cuentan con certificado MiPyME.<\/p>\n<p>La l\u00ednea tiene una tasa del 24%\u00a0 y plazo de un a\u00f1o para la devoluci\u00f3n m\u00e1s tres meses de gracia. Cuenta con garant\u00eda del Fondo de Garant\u00edas Argentino (Fogar), por lo que el gobierno nacional respalda el 100 por ciento del monto solicitado, que puede ser de un m\u00e1ximo de 250.000 pesos para micro empresas y de 500.000 pesos para peque\u00f1as empresas. Este financiamiento puede solicitarse hasta el 31 de julio de 2020. La l\u00ednea PyMEs Plus asigna autom\u00e1ticamente la entidad bancaria ante la cual debe tramitarse.<\/p>\n<p>Para m\u00e1s informaci\u00f3n se pueden comunicar al 0343-4840681 o v\u00eda mail contactando a economicoemprendedorer@gmail.com.<\/p>\n<p>\u201cSeguimos en contacto y trabajando juntos para sostener las fuentes de trabajo de nuestra provincia, compromiso que asumimos con vos desde el primer d\u00eda de la gesti\u00f3n\u201d, concluy\u00f3 Bordet.<\/p>\n","protected":false},"excerpt":{"rendered":"<p>Tras las gestiones del gobernador Gustavo Bordet, se habilita en la provincia la nueva l\u00ednea de financiamiento Pymes Plus. Es impulsada por el Ministerio de Desarrollo Productivo de la Naci\u00f3n y beneficiar\u00e1 a m\u00e1s de 3800 micro, peque\u00f1as y medianas empresas entrerrianas &nbsp; &#8220;Hoy los entrerrianos tenemos un gobierno nacional que nos respalda y que apuesta al trabajo y el desarrollo como respuestas para atravesar esta grave crisis&#8221;, afirm\u00f3 el gobernador Bordet, quien adem\u00e1s resalt\u00f3 las \u201cm\u00faltiples estrategias que estamos desarrollando junto con Naci\u00f3n y los municipios para atender la&#8230;<\/p>\n","protected":false},"author":3,"featured_media":64247,"comment_status":"closed","ping_status":"closed","sticky":false,"template":"","format":"standard","meta":[],"categories":[9,15],"tags":[],"_links":{"self":[{"href":"https:\/\/www.actualidadadiario.com\/index.php\/wp-json\/wp\/v2\/posts\/64246"}],"collection":[{"href":"https:\/\/www.actualidadadiario.com\/index.php\/wp-json\/wp\/v2\/posts"}],"about":[{"href":"https:\/\/www.actualidadadiario.com\/index.php\/wp-json\/wp\/v2\/types\/post"}],"author":[{"embeddable":true,"href":"https:\/\/www.actualidadadiario.com\/index.php\/wp-json\/wp\/v2\/users\/3"}],"replies":[{"embeddable":true,"href":"https:\/\/www.actualidadadiario.com\/index.php\/wp-json\/wp\/v2\/comments?post=64246"}],"version-history":[{"count":1,"href":"https:\/\/www.actualidadadiario.com\/index.php\/wp-json\/wp\/v2\/posts\/64246\/revisions"}],"predecessor-version":[{"id":64248,"href":"https:\/\/www.actualidadadiario.com\/index.php\/wp-json\/wp\/v2\/posts\/64246\/revisions\/64248"}],"wp:featuredmedia":[{"embeddable":true,"href":"https:\/\/www.actualidadadiario.com\/index.php\/wp-json\/wp\/v2\/media\/64247"}],"wp:attachment":[{"href":"https:\/\/www.actualidadadiario.com\/index.php\/wp-json\/wp\/v2\/media?parent=64246"}],"wp:term":[{"taxonomy":"category","embeddable":true,"href":"https:\/\/www.actualidadadiario.com\/index.php\/wp-json\/wp\/v2\/categories?post=64246"},{"taxonomy":"post_tag","embeddable":true,"href":"https:\/\/www.actualidadadiario.com\/index.php\/wp-json\/wp\/v2\/tags?post=64246"}],"curies":[{"name":"wp","href":"https:\/\/api.w.org\/{rel}","templated":true}]}}