{"id":64240,"date":"2020-07-15T13:31:54","date_gmt":"2020-07-15T16:31:54","guid":{"rendered":"https:\/\/www.actualidadadiario.com\/?p=64240"},"modified":"2020-07-30T16:03:11","modified_gmt":"2020-07-30T19:03:11","slug":"jose-mujica-solo-a-los-portenos-les-gusta-venir-a-banarse-aca-en-febrero-te-cagas-de-frio","status":"publish","type":"post","link":"https:\/\/www.actualidadadiario.com\/index.php\/2020\/07\/15\/jose-mujica-solo-a-los-portenos-les-gusta-venir-a-banarse-aca-en-febrero-te-cagas-de-frio\/","title":{"rendered":"Jos\u00e9 Mujica: &#8220;Solo a los porte\u00f1os les gusta venir a ba\u00f1arse ac\u00e1. En febrero te cag\u00e1s de fr\u00edo&#8221;"},"content":{"rendered":"<p style=\"text-align: center;\"><em><strong>El canciller\u00a0 de Uruguay Francisco Bustillo se reuni\u00f3 con el expresidente Jos\u00e9 Mujica, quien lo recibi\u00f3 en su finca ubicada en las afueras de Montevideo.\u00a0 Mujica dijo que hablaron &#8220;de todo&#8221; y destac\u00f3 como &#8220;important\u00edsima&#8221; la relaci\u00f3n entre Uruguay y Argentina. &#8220;Para m\u00ed es important\u00edsima la relaci\u00f3n con ellos porque la Argentina es un pa\u00eds determinante en nuestra historia por obvias razones&#8221;, les dijo el ex presidente a los periodistas a la salida de la reuni\u00f3n que dur\u00f3 dos horas. Como ejemplo, habl\u00f3 del turismo. &#8220;Solamente a los porte\u00f1os les gusta venir a ba\u00f1arse ac\u00e1. En febrero te cag\u00e1s de fr\u00edo. Pero bien, les gusta venir&#8221;, asegur\u00f3<\/strong><\/em><\/p>\n<p>&nbsp;<\/p>\n<p>&#8220;No estuve hablando con el canciller, estuve hablando con un amigo a lo largo de todos estos a\u00f1os. Cada vez que iba al exterior, Argentina o Espa\u00f1a, ten\u00eda los brazos de apoyo, un brazo uruguayo que nos ayud\u00f3 siempre en todo&#8221;, dijo Mujica a la prensa tras la reuni\u00f3n. \u00a0Sobre el nuevo ministro dijo que &#8220;es estrat\u00e9gico&#8221; para Uruguay en la relaci\u00f3n bilateral con Argentina, ya que Bustillo es un amigo del presidente Alberto Fern\u00e1ndez.<\/p>\n<p>Este fue el tercer encuentro de Bustillo con exmandatarios uruguayos para terminar de alinear la estrategia que llevar\u00e1 adelante durante su gesti\u00f3n y escuchar opiniones calificadas de personas que estuvieron al frente del pa\u00eds.<\/p>\n<p>Bustillo tom\u00f3 posesi\u00f3n del cargo la semana pasada tras firmar el acta correspondiente en su domicilio, donde estaba encuentra aislado y en cuarentena ya que hab\u00eda llegado desde Espa\u00f1a.<\/p>\n<p>Uno de los temas que habl\u00f3 Mujica con Bustillo fue el papel de Uruguay en el mundo. &#8220;A la pol\u00edtica exterior hay que defenderla, no somos una gran potencia, ni existimos en el mundo. Nuestro papel es tirarnos al suelo y lloriquear siempre y tratar de manguear ac\u00e1 y all\u00e1&#8221;, dijo a la prensa el expresidente.<\/p>\n<p>Bustillo reemplazar\u00e1 a Ernesto Talvi, quien dej\u00f3 el cargo tras la pol\u00e9mica generada por unas declaraciones en las que rehus\u00f3 referirse expresamente al gobierno venezolano como una dictadura. Al hablar con la prensa sobre el canciller saliente, Mujica dijo que &#8220;Talvi tiene un exceso de academia pero una falta de boliche de la puta madre&#8221;. Tambi\u00e9n fue consultado sobre su opini\u00f3n respecto del secretario general de la OEA Luis Almagro, quien denunci\u00f3 un fraude en los \u00faltimos comicios de Bolivia. Mujica dijo que Almagro &#8220;se fue para el otro lado&#8221;.<\/p>\n<p>Bustillo, por su parte, se\u00f1al\u00f3 a la prensa que &#8220;son muchos los a\u00f1os y las conversaciones&#8221; que ha tenido con Mujica, a quien considera &#8220;un muy buen amigo&#8221;. &#8220;No es que me llevo un consejo en particular sino la visi\u00f3n de \u00e9l. Creo que la pol\u00edtica exterior la tenemos que construir entre todos&#8221;, acot\u00f3.<\/p>\n","protected":false},"excerpt":{"rendered":"<p>El canciller\u00a0 de Uruguay Francisco Bustillo se reuni\u00f3 con el expresidente Jos\u00e9 Mujica, quien lo recibi\u00f3 en su finca ubicada en las afueras de Montevideo.\u00a0 Mujica dijo que hablaron &#8220;de todo&#8221; y destac\u00f3 como &#8220;important\u00edsima&#8221; la relaci\u00f3n entre Uruguay y Argentina. &#8220;Para m\u00ed es important\u00edsima la relaci\u00f3n con ellos porque la Argentina es un pa\u00eds determinante en nuestra historia por obvias razones&#8221;, les dijo el ex presidente a los periodistas a la salida de la reuni\u00f3n que dur\u00f3 dos horas. Como ejemplo, habl\u00f3 del turismo. &#8220;Solamente a los porte\u00f1os les&#8230;<\/p>\n","protected":false},"author":3,"featured_media":64241,"comment_status":"closed","ping_status":"closed","sticky":false,"template":"","format":"standard","meta":[],"categories":[4],"tags":[],"_links":{"self":[{"href":"https:\/\/www.actualidadadiario.com\/index.php\/wp-json\/wp\/v2\/posts\/64240"}],"collection":[{"href":"https:\/\/www.actualidadadiario.com\/index.php\/wp-json\/wp\/v2\/posts"}],"about":[{"href":"https:\/\/www.actualidadadiario.com\/index.php\/wp-json\/wp\/v2\/types\/post"}],"author":[{"embeddable":true,"href":"https:\/\/www.actualidadadiario.com\/index.php\/wp-json\/wp\/v2\/users\/3"}],"replies":[{"embeddable":true,"href":"https:\/\/www.actualidadadiario.com\/index.php\/wp-json\/wp\/v2\/comments?post=64240"}],"version-history":[{"count":1,"href":"https:\/\/www.actualidadadiario.com\/index.php\/wp-json\/wp\/v2\/posts\/64240\/revisions"}],"predecessor-version":[{"id":64242,"href":"https:\/\/www.actualidadadiario.com\/index.php\/wp-json\/wp\/v2\/posts\/64240\/revisions\/64242"}],"wp:featuredmedia":[{"embeddable":true,"href":"https:\/\/www.actualidadadiario.com\/index.php\/wp-json\/wp\/v2\/media\/64241"}],"wp:attachment":[{"href":"https:\/\/www.actualidadadiario.com\/index.php\/wp-json\/wp\/v2\/media?parent=64240"}],"wp:term":[{"taxonomy":"category","embeddable":true,"href":"https:\/\/www.actualidadadiario.com\/index.php\/wp-json\/wp\/v2\/categories?post=64240"},{"taxonomy":"post_tag","embeddable":true,"href":"https:\/\/www.actualidadadiario.com\/index.php\/wp-json\/wp\/v2\/tags?post=64240"}],"curies":[{"name":"wp","href":"https:\/\/api.w.org\/{rel}","templated":true}]}}