{"id":64231,"date":"2020-07-15T13:29:25","date_gmt":"2020-07-15T16:29:25","guid":{"rendered":"https:\/\/www.actualidadadiario.com\/?p=64231"},"modified":"2020-07-30T16:03:11","modified_gmt":"2020-07-30T19:03:11","slug":"el-ministerio-de-salud-suma-militares-en-brasil","status":"publish","type":"post","link":"https:\/\/www.actualidadadiario.com\/index.php\/2020\/07\/15\/el-ministerio-de-salud-suma-militares-en-brasil\/","title":{"rendered":"El ministerio de Salud suma militares en Brasil"},"content":{"rendered":"<p style=\"text-align: center;\"><em><strong>Desde el ministro para abajo se impone una l\u00f3gica militar donde algunos funcionarios denuncian su temor a llevar barbijos por miedo a represalias. El presidente Jair Bolsonaro se har\u00e1 una nuevo test PCR<\/strong><\/em><\/p>\n<p>&nbsp;<\/p>\n<p>&nbsp;<\/p>\n<p>El ministerio de Salud de Brasil, a cargo del general Eduardo Pazuello, sigue perdiendo protagonismo mientras avanza el coronavirus en el pa\u00eds. Desde la direcci\u00f3n de la cartera se impone una l\u00f3gica militar donde algunos funcionarios denuncian su temor a llevar barbijos por miedo a represalias, inform\u00f3 el diario El Pa\u00eds de Espa\u00f1a. Adem\u00e1s durante la pandemia ya fueron nombrados m\u00e1s de 25 militares en puestos t\u00e9cnicos. El fin de semana un juez del Supremo Tribunal Federal (STF) Gilmar Mendes dijo que era p\u00e9simo para las Fuerzas Armadas que Pazuello siga como ministro. En paralelo el presidente Jair Bolsonaro manifest\u00f3 que se har\u00e1 una nuevo test porque no aguanta m\u00e1s estar encerrado.<\/p>\n<p>&nbsp;<\/p>\n<p><strong>Ministerio de guerra<\/strong><\/p>\n<p>Brasil tiene ministro de Salud interino desde el 15 de mayo pasado. Son casi dos meses donde el ministerio perdi\u00f3 la br\u00fajula a la hora dar directrices para enfrentar la pandemia. A los funcionarios t\u00e9cnicos que trabajan en la dependencia se les pide cumplir con entregas y plazos, pero cada vez son menos consultados sobre salubridad. \u201cEstamos viviendo hace meses una situaci\u00f3n muy dif\u00edcil. All\u00e1 adentro, los colegas est\u00e1n muy angustiados. Muchos t\u00e9cnicos van a trabajar en persona, pero se averg\u00fcenzan de usar un cubrebocas, como si fuera una actitud ideol\u00f3gica. Es como si se hubiera convertido en comunista. Quien est\u00e1 con el gobierno no usa una mascarilla\u201c, manifest\u00f3 un empleado que pidi\u00f3 guardar su anonimato. Los trabajadores tienen miedo de perder su empleo ya que muchos de ellos son subcontratados.<\/p>\n<p>Seg\u00fan los funcionarios el ministerio se empez\u00f3 a regir con criterios de jerarqu\u00edas y disciplina con poco margen para plantear problem\u00e1ticas o soluciones m\u00e9dicas. Los efectos llegan a verse m\u00e1s all\u00e1 de las dependencias directamente ligadas a tratar la covid-19. Las campa\u00f1as para controlar la diabetes y la hipertensi\u00f3n arterial, as\u00ed como el dengue y las pol\u00edticas de salud para las mujeres, est\u00e1n siendo descuidadas. \u201cLa situaci\u00f3n interna actual es muy mala. Las agendas son muy restringidas y antit\u00e9cnicas. Los militares no conocen el \u00e1rea y no dejan que los t\u00e9cnicos se manifiesten. Muchos est\u00e1n dejando de opinar gradualmente, porque es muy vergonzoso. Yo soy uno de estos\u201d, inform\u00f3 otro funcionario del ministerio.<\/p>\n<p>En plena crisis sanitaria, dos ministros de Salud salieron del Gobierno por discrepancias con Bolsonaro. El mandatario destituy\u00f3 en abril a Luiz Henrique Mandetta que sostuvo la necesidad de llevar adelante cuarentenas. Menos de un mes despu\u00e9s, su sucesor Nelson Teich renunci\u00f3 por las presiones del jefe de Estado para recomendar la cloroquina, un antipal\u00fadico cuya eficacia contra el coronavirus no est\u00e1 comprobada. Ambos eran m\u00e9dicos. As\u00ed lleg\u00f3 Pazuello a la cabeza del ministerio en car\u00e1cter de interino. El militar tiene una destacada carrera militar pero ninguna experiencia en el \u00e1mbito sanitario.<\/p>\n<p>El s\u00e1bado pasado Mendes, juez de la m\u00e1xima instancia judicial del pa\u00eds, lament\u00f3 el vac\u00edo dejado en el ministerio de Salud. &#8220;Hay que decir eso de manera muy clara: el Ej\u00e9rcito se est\u00e1 asociando a ese genocidio, no es razonable. Hay que poner fin a eso&#8221;, afirm\u00f3 el magistrado. Las declaraciones fueron en el marco de una videoconferencia en la que critic\u00f3 el negacionismo con que el gobierno de Bolsonaro encar\u00f3 la pandemia. El martes llegaron las r\u00e9plicas desde el ejectuvio. El vicepresidente de Brasil, el general de la reserva Hamilton Mourao, dijo que Mendes hab\u00eda cruzado un l\u00edmite con sus declaraciones.<\/p>\n<p>&nbsp;<\/p>\n<p><strong>Lobo atado<\/strong><\/p>\n<p>Por su parte, Bolsonaro dijo estar sinti\u00e9ndose bien pero que ya no soportaba seguir en su casa. El mandatario dio positivo de la covid-19 el martes pasado. &#8220;Me realizar\u00e9 otra prueba de PCR para ver si todav\u00eda tengo el virus. La respuesta deber\u00eda salir en unas pocas horas. Espero el resultado porque no puedo soportar esta rutina de quedarme en casa&#8221;, sostuvo el mandatario en una entrevista telef\u00f3nica con CNN Brasil. El presidente cont\u00f3 que en ning\u00fan momento sinti\u00f3 falta de aliento ni p\u00e9rdida del gusto, y que despu\u00e9s de haber registrado 38 grados de fiebre el lunes 6 de julio, su temperatura se mantuvo estable y no volvi\u00f3 a subir. Adelant\u00f3 que espera reanudar su rutina normal la pr\u00f3xima semana. \u201cNecesito saber si todav\u00eda tengo el virus. Mientras no est\u00e9 libre del virus, me quedar\u00e9 aqu\u00ed&#8221;, manifest\u00f3 el presidente de 65 a\u00f1os.<\/p>\n<p>Brasil el segundo pa\u00eds m\u00e1s afectado por la pandemia detr\u00e1s de Estados Unidos. Contabilizaba al 14 de julio 1, 926,824 infectados, 74133 muertos y 1,213, 512 recuperados, seg\u00fan reportes del Ministerio de Salud que publica la Organizaci\u00f3n Mundial de la Salud. En relaci\u00f3n al d\u00eda anterior, shubo e registraron 41,857 casos nuevos.<\/p>\n","protected":false},"excerpt":{"rendered":"<p>Desde el ministro para abajo se impone una l\u00f3gica militar donde algunos funcionarios denuncian su temor a llevar barbijos por miedo a represalias. El presidente Jair Bolsonaro se har\u00e1 una nuevo test PCR &nbsp; &nbsp; El ministerio de Salud de Brasil, a cargo del general Eduardo Pazuello, sigue perdiendo protagonismo mientras avanza el coronavirus en el pa\u00eds. Desde la direcci\u00f3n de la cartera se impone una l\u00f3gica militar donde algunos funcionarios denuncian su temor a llevar barbijos por miedo a represalias, inform\u00f3 el diario El Pa\u00eds de Espa\u00f1a. Adem\u00e1s durante&#8230;<\/p>\n","protected":false},"author":3,"featured_media":64232,"comment_status":"closed","ping_status":"closed","sticky":false,"template":"","format":"standard","meta":[],"categories":[4],"tags":[],"_links":{"self":[{"href":"https:\/\/www.actualidadadiario.com\/index.php\/wp-json\/wp\/v2\/posts\/64231"}],"collection":[{"href":"https:\/\/www.actualidadadiario.com\/index.php\/wp-json\/wp\/v2\/posts"}],"about":[{"href":"https:\/\/www.actualidadadiario.com\/index.php\/wp-json\/wp\/v2\/types\/post"}],"author":[{"embeddable":true,"href":"https:\/\/www.actualidadadiario.com\/index.php\/wp-json\/wp\/v2\/users\/3"}],"replies":[{"embeddable":true,"href":"https:\/\/www.actualidadadiario.com\/index.php\/wp-json\/wp\/v2\/comments?post=64231"}],"version-history":[{"count":1,"href":"https:\/\/www.actualidadadiario.com\/index.php\/wp-json\/wp\/v2\/posts\/64231\/revisions"}],"predecessor-version":[{"id":64233,"href":"https:\/\/www.actualidadadiario.com\/index.php\/wp-json\/wp\/v2\/posts\/64231\/revisions\/64233"}],"wp:featuredmedia":[{"embeddable":true,"href":"https:\/\/www.actualidadadiario.com\/index.php\/wp-json\/wp\/v2\/media\/64232"}],"wp:attachment":[{"href":"https:\/\/www.actualidadadiario.com\/index.php\/wp-json\/wp\/v2\/media?parent=64231"}],"wp:term":[{"taxonomy":"category","embeddable":true,"href":"https:\/\/www.actualidadadiario.com\/index.php\/wp-json\/wp\/v2\/categories?post=64231"},{"taxonomy":"post_tag","embeddable":true,"href":"https:\/\/www.actualidadadiario.com\/index.php\/wp-json\/wp\/v2\/tags?post=64231"}],"curies":[{"name":"wp","href":"https:\/\/api.w.org\/{rel}","templated":true}]}}