{"id":64221,"date":"2020-07-15T13:26:01","date_gmt":"2020-07-15T16:26:01","guid":{"rendered":"https:\/\/www.actualidadadiario.com\/?p=64221"},"modified":"2020-07-30T16:03:12","modified_gmt":"2020-07-30T19:03:12","slug":"el-estado-va-a-tener-un-rol-muy-importante-en-la-pospandemia-dijo-el-ministro-guzman","status":"publish","type":"post","link":"https:\/\/www.actualidadadiario.com\/index.php\/2020\/07\/15\/el-estado-va-a-tener-un-rol-muy-importante-en-la-pospandemia-dijo-el-ministro-guzman\/","title":{"rendered":"&#8220;El Estado va a tener un rol muy importante en la pospandemia&#8221;, dijo el ministro Guzm\u00e1n"},"content":{"rendered":"<p style=\"text-align: center;\"><em><strong>El ministro expres\u00f3 que &#8220;hemos destinado una ayuda muy importante para sostener una situaci\u00f3n sin precedentes&#8221;<\/strong><\/em><\/p>\n<p>&nbsp;<\/p>\n<p>&nbsp;<\/p>\n<p>El ministro de Econom\u00eda, Mart\u00edn Guzm\u00e1n, afirm\u00f3 que &#8220;en la recuperaci\u00f3n econ\u00f3mica pospandemia, el Estado va a tener un rol muy importante&#8221;, a la vez que anticip\u00f3 que &#8220;todos los sectores tienen que estar en la mesa de di\u00e1logo&#8221;.<\/p>\n<p>Guzm\u00e1n, en un reportaje concedido al canal C5N, afirm\u00f3 que &#8220;la torta se ha achicado, tenemos un d\u00e9ficit en t\u00e9rminos de recursos y estamos viviendo con lo nuestro. Lo que hemos buscado es ayudar a los sectores que necesitan ayuda pero nada es gratis en la econom\u00eda&#8221;.<\/p>\n<p>El ministro expres\u00f3 que &#8220;hemos destinado una ayuda muy importante para sostener una situaci\u00f3n sin precedentes para poder mitigar los aumentos de pobreza e indigencia, para evitar la destrucci\u00f3n de empleos&#8221;.<\/p>\n<p>El jefe del Palacio de Hacienda detall\u00f3 que &#8220;la ayuda la recibieron 9 millones de personas que han recibido el Ingreso Familiar de Emergencia (IFE) y 3 millones de trabajadores que han recibido el ATP, para evitar que se pierdan empleos, pero para que la ayuda sea efectiva hay que mantener un equilibrio, pero la Argentina enfrenta restricciones de financiamiento dur\u00edsimas&#8221;.<\/p>\n<p>Guzm\u00e1n fue terminante al se\u00f1alar que &#8220;la ayuda la financiamos con emisi\u00f3n monetaria y con emisi\u00f3n de deuda en moneda local porque tenemos un d\u00e9ficit en t\u00e9rminos de recursos. La torta se ha achicado y estamos viviendo econ\u00f3micamente con lo nuestro. Nada es gratis en la econom\u00eda&#8221;.<\/p>\n<p>Respecto del proyecto de impuesto a las grandes fortunas, Guzm\u00e1n dijo que &#8220;es una iniciativa del Congreso y creo que eso se va manejando con sus tiempos. La Argentina tiene un grave problema de financiamiento&#8221;.<\/p>\n<p>Ante una consulta, el ministro neg\u00f3 que se haya pedido no tratar ese impuesto para que no complique el proceso de renegociaci\u00f3n de la deuda. &#8220;No es verdad y no hay ninguna relaci\u00f3n&#8221;, dijo Guzm\u00e1n. Ese impuesto es una contribuci\u00f3n de una sola vez en el contexto de la pandemia.<\/p>\n<p>Al ser consultado, sobre el caso Vicentin, el ministro de Econom\u00eda sostuvo que &#8220;el Estado tiene un rol por cumplir en un momento de doble crisis macroecon\u00f3mica y de coronavirus, para evitar que haya destrucci\u00f3n de capital que genere destrucci\u00f3n de empleo y p\u00e9rdida de exportaciones. Lo importante es actuar de una forma que se proteja el empleo, las exportaciones y la producci\u00f3n. Es importante que el estado act\u00fae para evitarle un mal a personas en un momento de mucho sufrimiento&#8221;.<\/p>\n<p>Guzm\u00e1n remarc\u00f3 que &#8220;si no se act\u00faa, el riesgo es que la destrucci\u00f3n de capital genere p\u00e9rdida de empleo, de producci\u00f3n y exportaciones en un contexto en el cual los d\u00f3lares hacen falta&#8221;.<\/p>\n<p>El ministro subray\u00f3 que &#8220;el mensaje del Presidente (Alberto Fern\u00e1ndez) es que nosotros estamos dispuestos a escuchar&#8221;.<\/p>\n<p>Tambi\u00e9n enfatiz\u00f3 que &#8220;en el seno del Frente de Todos hay un espacio de reflexi\u00f3n continua donde finalmente las cosas se deciden con mucho pragmatismo. La recuperaci\u00f3n no va venir dada por generar se\u00f1ales, en un contexto pospandemia, donde va a haber incertidumbre importante en el mundo, el Estado va a tener que tener un rol muy importante, tanto en empujar condiciones muy favorables a la producci\u00f3n como en impulsar la demanda agregada&#8221;.<\/p>\n<p>Guzm\u00e1n se\u00f1al\u00f3 que hay &#8220;una agenda constructiva con el sector privado, de hecho son complementarios, y est\u00e1 claro que el Estado va a tener un rol importante en generarle condiciones al sector privado, para que haya un despegue tanto a nivel de demanda como a nivel de oferta. Hay di\u00e1logo con el universo empresario y todos los sectores tienen que estar en la mesa, discutiendo lo que va a ser la salida de una situaci\u00f3n que es dura y contin\u00faa&#8221;.<\/p>\n<p>El jefe del Palacio de Hacienda se mostr\u00f3 taxativo y dijo que &#8220;en la visi\u00f3n del gobierno, lo que prepondera es el pragmatismo. Hay que tener flexibilidad, saber adaptarse a las circunstancias.Lo m\u00e1s importante, en un contexto de doble crisis, es proteger el trabajo y la producci\u00f3n y a las divisas que la Argentina genera. Hay m\u00faltiples caminos y no hay por qu\u00e9 condenar a la flexibilidad y al pragmatismo. Nosotros eso lo vemos como una virtud y no como un problema&#8221;.<\/p>\n<p>Acerca de la deuda, el ministro afirm\u00f3 que &#8220;una carga de deuda que fuerce al pa\u00eds a no tener condiciones para invertir en desarrollo afecta a las oportunidades de la poblaci\u00f3n, a la pobreza a la desigualdad, los procesos de endeudamiento que terminan mal son t\u00f3xicos&#8221;.<\/p>\n<p>Guzm\u00e1n dijo que &#8220;las dos partes se han ido acercando pero un grupo de acreedores no ha querido seguir negociando y hubo otros que s\u00ed lo entendieron y el resto tendr\u00e1 tiempo para decidir&#8221;.<\/p>\n<p>El ministro remarc\u00f3 que &#8220;el proceso y la oferta ha recibido un amplio respaldo externo e interno. Es una oferta que respeta las posibilidades de Argentina y que muestra una gran voluntad de querer llegar a un acuerdo&#8221;.<\/p>\n<p>Finalmente, y respecto de la negociaci\u00f3n de la deuda con el Fondo Monetario Internacional (FMI), Guzm\u00e1n detall\u00f3: &#8220;cuando negociemos con el FMI, vamos a apuntar a negociar un programa que sirva para la Argentina que ayude a tranquilizar la situaci\u00f3n econ\u00f3mica&#8221;.<\/p>\n","protected":false},"excerpt":{"rendered":"<p>El ministro expres\u00f3 que &#8220;hemos destinado una ayuda muy importante para sostener una situaci\u00f3n sin precedentes&#8221; &nbsp; &nbsp; El ministro de Econom\u00eda, Mart\u00edn Guzm\u00e1n, afirm\u00f3 que &#8220;en la recuperaci\u00f3n econ\u00f3mica pospandemia, el Estado va a tener un rol muy importante&#8221;, a la vez que anticip\u00f3 que &#8220;todos los sectores tienen que estar en la mesa de di\u00e1logo&#8221;. Guzm\u00e1n, en un reportaje concedido al canal C5N, afirm\u00f3 que &#8220;la torta se ha achicado, tenemos un d\u00e9ficit en t\u00e9rminos de recursos y estamos viviendo con lo nuestro. Lo que hemos buscado es&#8230;<\/p>\n","protected":false},"author":3,"featured_media":63556,"comment_status":"closed","ping_status":"closed","sticky":false,"template":"","format":"standard","meta":[],"categories":[18],"tags":[],"_links":{"self":[{"href":"https:\/\/www.actualidadadiario.com\/index.php\/wp-json\/wp\/v2\/posts\/64221"}],"collection":[{"href":"https:\/\/www.actualidadadiario.com\/index.php\/wp-json\/wp\/v2\/posts"}],"about":[{"href":"https:\/\/www.actualidadadiario.com\/index.php\/wp-json\/wp\/v2\/types\/post"}],"author":[{"embeddable":true,"href":"https:\/\/www.actualidadadiario.com\/index.php\/wp-json\/wp\/v2\/users\/3"}],"replies":[{"embeddable":true,"href":"https:\/\/www.actualidadadiario.com\/index.php\/wp-json\/wp\/v2\/comments?post=64221"}],"version-history":[{"count":1,"href":"https:\/\/www.actualidadadiario.com\/index.php\/wp-json\/wp\/v2\/posts\/64221\/revisions"}],"predecessor-version":[{"id":64222,"href":"https:\/\/www.actualidadadiario.com\/index.php\/wp-json\/wp\/v2\/posts\/64221\/revisions\/64222"}],"wp:featuredmedia":[{"embeddable":true,"href":"https:\/\/www.actualidadadiario.com\/index.php\/wp-json\/wp\/v2\/media\/63556"}],"wp:attachment":[{"href":"https:\/\/www.actualidadadiario.com\/index.php\/wp-json\/wp\/v2\/media?parent=64221"}],"wp:term":[{"taxonomy":"category","embeddable":true,"href":"https:\/\/www.actualidadadiario.com\/index.php\/wp-json\/wp\/v2\/categories?post=64221"},{"taxonomy":"post_tag","embeddable":true,"href":"https:\/\/www.actualidadadiario.com\/index.php\/wp-json\/wp\/v2\/tags?post=64221"}],"curies":[{"name":"wp","href":"https:\/\/api.w.org\/{rel}","templated":true}]}}