{"id":64215,"date":"2020-07-15T13:24:14","date_gmt":"2020-07-15T16:24:14","guid":{"rendered":"https:\/\/www.actualidadadiario.com\/?p=64215"},"modified":"2020-07-30T16:03:21","modified_gmt":"2020-07-30T19:03:21","slug":"aborto-el-gobierno-anuncio-que-ya-esta-listo-el-proyecto","status":"publish","type":"post","link":"https:\/\/www.actualidadadiario.com\/index.php\/2020\/07\/15\/aborto-el-gobierno-anuncio-que-ya-esta-listo-el-proyecto\/","title":{"rendered":"Aborto: el Gobierno anunci\u00f3 que ya est\u00e1 listo el proyecto"},"content":{"rendered":"<p style=\"text-align: center;\"><em><strong>La secretar\u00eda de Legal y T\u00e9cnica, Vilma Ibarra, no precis\u00f3 la fecha en que ser\u00e1 enviado al Congreso<\/strong><\/em><\/p>\n<p>&nbsp;<\/p>\n<p>&nbsp;<\/p>\n<p>La secretar\u00eda de Legal y T\u00e9cnica de la Presidencia, Vilma Ibarra, asegur\u00f3 que el proyecto del Gobierno para legalizar el aborto &#8220;est\u00e1 listo&#8221;, y que el objetivo del mismo es impedir &#8220;muertes evitables de mujeres&#8221;, ya que hoy se atraviesa en el tema &#8220;el peor de los mundos&#8221;.<\/p>\n<p>&#8220;Est\u00e1 listo el proyecto de legalizaci\u00f3n del aborto, y en el tema est\u00e1 todo bastante inventado y debatido. En ese sentido, lo ha expresado el Presidente (Alberto Fern\u00e1ndez) mucho mejor que yo, queremos evitar muertes de mujeres evitables&#8221;, afirm\u00f3 Ibarra anoche en una entrevista con Am\u00e9rica TV.<\/p>\n<p>En esa l\u00ednea, expres\u00f3 que &#8220;hoy estamos en el peor de los mundos, porque los abortos suceden en cientos de miles&#8221;, adem\u00e1s de apuntar que &#8220;las mujeres mueren en abortos clandestinos, amenazadas de ir a la c\u00e1rcel&#8221;.<\/p>\n<p>La funcionaria no adelant\u00f3 la fecha en la que se enviar\u00e1 la iniciativa al Congreso, pero insisti\u00f3 en que la intenci\u00f3n oficialista es &#8220;cambiar ese estado de las cosas, que sucedan la menor cantidad de abortos, por eso creemos mucho en la ESI (Educaci\u00f3n sexual Integral)&#8221;.<\/p>\n<p>Asimismo, Ibarra destac\u00f3 la ley de Matrimonio Igualitario en el pa\u00eds, la norma que reconoci\u00f3 en Argentina al matrimonio entre personas del mismo sexo, de la que hoy se cumplen 10 a\u00f1os, y de la que fue su principal impulsora.<\/p>\n<p>&#8220;Sectores de homofobia a\u00fan hay, los vivimos, existen y se padecen mucho, pero creo que la sociedad argentina no es mayoritariamente as\u00ed&#8221;, indic\u00f3 y subray\u00f3 que &#8220;hay sectores conservadores que tienen m\u00e1s resistencia a los cambios sociales, pero mayoritariamente la Argentina tiene una poblaci\u00f3n muy atenta a los derechos&#8221;.<\/p>\n<p>En ese sentido, la funcionaria rememor\u00f3 que se dio &#8220;una batalla muy hermosa por esa ley, que no le hace da\u00f1o a nadie, solo reconoci\u00f3 derechos que le hab\u00edan sido negados a gente durante mucho tiempo&#8221;.<\/p>\n<p>Por otra parte, sobre la relaci\u00f3n entre el presidente Alberto Fern\u00e1ndez y la vicepresidenta Cristina Fern\u00e1ndez de Kirchner, opin\u00f3 que, &#8220;por suerte, en democracia, cuando la gente elige le pone la lapicera en la mano a un Presidente, y, por supuesto, Cristina es una persona importante en este Gobierno, ella ten\u00eda un caudal de votos muy importante, y lo tiene&#8221;.<\/p>\n<p>&#8220;Es la famosa frase que dec\u00eda Alberto &#8220;sin Cristina no se puede y con Cristina sola no alcanza&#8221;. Esta coalici\u00f3n que lograron hacer decidi\u00f3 nominar a Alberto Fern\u00e1ndez como Presidente, y por suerte tiene un muy buen di\u00e1logo con una vicepresidenta que es una gran representante de un sector importante&#8221;, agreg\u00f3.<\/p>\n<p>Respecto de la situaci\u00f3n de la agroexportadora santafesina Vicentin, la funcionaria sostuvo que &#8220;no es una pol\u00edtica de este Gobierno la expropiaci\u00f3n&#8221;, y dijo que solo &#8220;es una medida que est\u00e1 dentro de las leyes y la Constituci\u00f3n&#8221;.<\/p>\n<p>Agreg\u00f3 que &#8220;ante una situaci\u00f3n de posible p\u00e9rdida de trabajo para muchos trabajadores, y con un alto poder en materia de agroexportaci\u00f3n, se entendi\u00f3 que hab\u00eda que tratar de mantener las fuentes de trabajo&#8221;.<\/p>\n<p>Finalmente, admiti\u00f3 que ante &#8220;un grupo empresario con enormes dificultades econ\u00f3micas, con una sospecha muy alta de vaciamiento y con cr\u00e9ditos muy altos tomados del Estado nacional, probablemente, no se pudo comunicar como correspond\u00eda lo que se quer\u00eda hacer&#8221;.<\/p>\n","protected":false},"excerpt":{"rendered":"<p>La secretar\u00eda de Legal y T\u00e9cnica, Vilma Ibarra, no precis\u00f3 la fecha en que ser\u00e1 enviado al Congreso &nbsp; &nbsp; La secretar\u00eda de Legal y T\u00e9cnica de la Presidencia, Vilma Ibarra, asegur\u00f3 que el proyecto del Gobierno para legalizar el aborto &#8220;est\u00e1 listo&#8221;, y que el objetivo del mismo es impedir &#8220;muertes evitables de mujeres&#8221;, ya que hoy se atraviesa en el tema &#8220;el peor de los mundos&#8221;. &#8220;Est\u00e1 listo el proyecto de legalizaci\u00f3n del aborto, y en el tema est\u00e1 todo bastante inventado y debatido. En ese sentido, lo&#8230;<\/p>\n","protected":false},"author":3,"featured_media":64216,"comment_status":"closed","ping_status":"closed","sticky":false,"template":"","format":"standard","meta":[],"categories":[18],"tags":[],"_links":{"self":[{"href":"https:\/\/www.actualidadadiario.com\/index.php\/wp-json\/wp\/v2\/posts\/64215"}],"collection":[{"href":"https:\/\/www.actualidadadiario.com\/index.php\/wp-json\/wp\/v2\/posts"}],"about":[{"href":"https:\/\/www.actualidadadiario.com\/index.php\/wp-json\/wp\/v2\/types\/post"}],"author":[{"embeddable":true,"href":"https:\/\/www.actualidadadiario.com\/index.php\/wp-json\/wp\/v2\/users\/3"}],"replies":[{"embeddable":true,"href":"https:\/\/www.actualidadadiario.com\/index.php\/wp-json\/wp\/v2\/comments?post=64215"}],"version-history":[{"count":1,"href":"https:\/\/www.actualidadadiario.com\/index.php\/wp-json\/wp\/v2\/posts\/64215\/revisions"}],"predecessor-version":[{"id":64217,"href":"https:\/\/www.actualidadadiario.com\/index.php\/wp-json\/wp\/v2\/posts\/64215\/revisions\/64217"}],"wp:featuredmedia":[{"embeddable":true,"href":"https:\/\/www.actualidadadiario.com\/index.php\/wp-json\/wp\/v2\/media\/64216"}],"wp:attachment":[{"href":"https:\/\/www.actualidadadiario.com\/index.php\/wp-json\/wp\/v2\/media?parent=64215"}],"wp:term":[{"taxonomy":"category","embeddable":true,"href":"https:\/\/www.actualidadadiario.com\/index.php\/wp-json\/wp\/v2\/categories?post=64215"},{"taxonomy":"post_tag","embeddable":true,"href":"https:\/\/www.actualidadadiario.com\/index.php\/wp-json\/wp\/v2\/tags?post=64215"}],"curies":[{"name":"wp","href":"https:\/\/api.w.org\/{rel}","templated":true}]}}