{"id":64212,"date":"2020-07-15T13:23:25","date_gmt":"2020-07-15T16:23:25","guid":{"rendered":"https:\/\/www.actualidadadiario.com\/?p=64212"},"modified":"2020-07-30T16:03:21","modified_gmt":"2020-07-30T19:03:21","slug":"el-gobierno-quiere-anular-un-decreto-de-macri-que-compenso-a-las-gasiferas-por-la-devaluacion","status":"publish","type":"post","link":"https:\/\/www.actualidadadiario.com\/index.php\/2020\/07\/15\/el-gobierno-quiere-anular-un-decreto-de-macri-que-compenso-a-las-gasiferas-por-la-devaluacion\/","title":{"rendered":"El Gobierno quiere anular un decreto de Macri que compens\u00f3 a las gas\u00edferas por la devaluaci\u00f3n"},"content":{"rendered":"<p style=\"text-align: center;\"><em><strong>Fue firmado en 2018 y obliga al Estado a pagar 400 millones de d\u00f3lares en 30 cuotas, de las que s\u00f3lo se cumpli\u00f3 una. Tuvo dictamen negativo y necesita que ambas C\u00e1maras lo rechacen para dejarlo sin efecto<\/strong><\/em><\/p>\n<p>&nbsp;<\/p>\n<p>&nbsp;<\/p>\n<p>El Gobierno busca anular un decreto de necesidad y urgencia (DNU) Mauricio Macri que compens\u00f3 a las empresas distribuidoras de gas de las p\u00e9rdidas ocasionadas por las devaluaciones de 2018 y este martes dio el primer paso, con un dictamen en contra en la bicameral de tr\u00e1mite legislativo.<\/p>\n<p>Para completar al tr\u00e1mite necesita que ambas C\u00e1maras del Congreso lo rechacen, lo que no fue posible cuando intent\u00f3 borrar los decretos que transfirieron las escuchas judiciales a la Corte durante el anterior gobierno: el Senado dio ese paso pero no as\u00ed Diputados, donde los aliados no garantizaron la mayor\u00eda al Frente de Todos. Cristina Kirchner y Sergio Massa optaron por crear una subcomisi\u00f3n supervisora.<\/p>\n<p>Cambiemos volvi\u00f3 a negarse a tratar decretos de Macri en comisi\u00f3n por considerar que si ya fueron dictaminados alcanza con llevarlos al recinto o reemplazarlos por otro. &#8220;Es inexplicable la inclusi\u00f3n de decreto que ya tuvo despacho y orden del d\u00eda&#8221;, insisti\u00f3 el diputado macrista Pablo Tonelli y anunci\u00f3 que sus pares desconectaban de la regi\u00f3n. &#8220;No existe ni en el reglamento de las C\u00e1maras ni en el de la Comisi\u00f3n la imposibilidad de que volvamos a dictaminar&#8221;, defendi\u00f3 la posici\u00f3n oficialista la senadora Anabel Fern\u00e1ndez Sagasti.<\/p>\n<p>&#8220;Lo que est\u00e1n haciendo no es legal, porque la competencia legislativa, esta que le est\u00e1 arrebatando permanentemente el Poder Ejecutivo al Congreso, una vez que la Comisi\u00f3n dictamina es de las C\u00e1maras, as\u00ed lo dice el art\u00edculo 99 inciso 3 de la Constituci\u00f3n Nacional&#8221;, insisti\u00f3 el diputado radical Gustavo Menna, antes de salir de la reuni\u00f3n.<\/p>\n<p>El DNU 1053 fue un compendio de ampliaciones y cambios presupuestarios que en su art\u00edculo 7 establece que el Estado &#8220;asume, con car\u00e1cter excepcional y con el alcance previsto en este art\u00edculo, el pago de las diferencias diarias acumuladas mensualmente entre el valor del gas comprado por las prestadoras del servicio de distribuci\u00f3n de gas natural por redes y el valor del gas natural incluido en los cuadros tarifarios vigentes entre el 1 de abril de 2018 y el 31 de marzo de 2019, generadas exclusivamente por variaciones del tipo de cambio y correspondientes a vol\u00famenes de gas natural entregados en ese mismo per\u00edodo&#8221;.<\/p>\n<p>En aquel abril el d\u00f3lar oscilaba los 20 pesos y duplic\u00f3 su valor en pocos meses, aun despu\u00e9s del acuerdo firmado por Macri con el Fondo Monetario Internacional. En octubre, la Enargas aument\u00f3 las tarifas para que las distribuidoras de gas sean compensadas por los usuarios en cuotas mensuales, pero la presi\u00f3n de la entonces oposici\u00f3n y de la UCR lo oblig\u00f3 a revertir la medida. Fue necesaria una discusi\u00f3n a los gritos entre los legisladores radicales y Marcos Pe\u00f1a.<\/p>\n<p>La compensaci\u00f3n lleg\u00f3 por DNU y seg\u00fan anunci\u00f3 Fern\u00e1ndez Sagasti, reci\u00e9n el \u00faltimo 6 de diciembre se pag\u00f3 la primera cuota de los 393 millones de d\u00f3lares de compensaci\u00f3n. &#8220;Si no derogamos este decreto todos los argentinos vamos a seguir pagando algo que es confiscatorio&#8221;.<\/p>\n<p>El diputado oficialista Marcos Cleri, presidente de la bicameral, sostuvo que la intenci\u00f3n del ex ministro de Energ\u00eda Juan Jos\u00e9 Aranguren, echado por Macri en junio de 2018, era &#8220;estatizar la deuda del sector privado en base a compromisos&#8221; que hab\u00eda asumido con las empresas gas\u00edferas, &#8220;tratando de transferir a todos los argentinos una p\u00e9rdida que hab\u00edan tenido&#8221;.<\/p>\n<p>&#8220;Mientras la gente se mor\u00eda de fr\u00edo, Aranguren y Enargas se abrazaban con los productores de gas y le trasladaban 400 millones de d\u00f3lares. Y despu\u00e9s le bajaban los subsidios a la Patagonia para darle plata a sus amigotes&#8221;, continu\u00f3 el diputado santacruce\u00f1o Pablo Gonz\u00e1lez, quien conoci\u00f3 al ex ministro cuando era vicegobernador de Santa Cruz.<\/p>\n<p>Gonz\u00e1lez argument\u00f3 otros dos decretos de Alberto que se dictaminaron para intervenir el Ente Nacional regulador de electricidad (Enre) y el Ente Nacional Regulador del Gas (Enargas), que estar\u00e1 a cargo de Federico Bernal, ex asesor de Cristina en el Senado.\u00a0 Anticip\u00f3 que una de sus pr\u00f3ximas medidas ser\u00e1 revisar los concursos de los directores que decidieron compensar a las gas\u00edferas.<\/p>\n<p>La bicameral tambi\u00e9n dictamin\u00f3 otros DNUs, como los que extendieron el aislamiento social por la pandemia, regularizan deudas tributarias de peque\u00f1as de empresas, modifican el presupuesto y dos sobre inteligencia: el que prorroga hasta diciembre la intervenci\u00f3n de la Agencia Federal de Inteligencia (AFI) y el que elimina la facultad que tiene para actuar como auxiliar de la justicia.<\/p>\n<p>Cambiemos no particip\u00f3 del debate y cuestion\u00f3 que no sea haya incluido en el temario los decretos para intervenir Vicentin y para prorrogar hasta diciembre la suspensi\u00f3n de la f\u00f3rmula jubilatoria del anterior Gobierno. Cleri no los sum\u00f3 al temario.<\/p>\n","protected":false},"excerpt":{"rendered":"<p>Fue firmado en 2018 y obliga al Estado a pagar 400 millones de d\u00f3lares en 30 cuotas, de las que s\u00f3lo se cumpli\u00f3 una. Tuvo dictamen negativo y necesita que ambas C\u00e1maras lo rechacen para dejarlo sin efecto &nbsp; &nbsp; El Gobierno busca anular un decreto de necesidad y urgencia (DNU) Mauricio Macri que compens\u00f3 a las empresas distribuidoras de gas de las p\u00e9rdidas ocasionadas por las devaluaciones de 2018 y este martes dio el primer paso, con un dictamen en contra en la bicameral de tr\u00e1mite legislativo. Para completar&#8230;<\/p>\n","protected":false},"author":3,"featured_media":64213,"comment_status":"closed","ping_status":"closed","sticky":false,"template":"","format":"standard","meta":[],"categories":[18],"tags":[],"_links":{"self":[{"href":"https:\/\/www.actualidadadiario.com\/index.php\/wp-json\/wp\/v2\/posts\/64212"}],"collection":[{"href":"https:\/\/www.actualidadadiario.com\/index.php\/wp-json\/wp\/v2\/posts"}],"about":[{"href":"https:\/\/www.actualidadadiario.com\/index.php\/wp-json\/wp\/v2\/types\/post"}],"author":[{"embeddable":true,"href":"https:\/\/www.actualidadadiario.com\/index.php\/wp-json\/wp\/v2\/users\/3"}],"replies":[{"embeddable":true,"href":"https:\/\/www.actualidadadiario.com\/index.php\/wp-json\/wp\/v2\/comments?post=64212"}],"version-history":[{"count":1,"href":"https:\/\/www.actualidadadiario.com\/index.php\/wp-json\/wp\/v2\/posts\/64212\/revisions"}],"predecessor-version":[{"id":64214,"href":"https:\/\/www.actualidadadiario.com\/index.php\/wp-json\/wp\/v2\/posts\/64212\/revisions\/64214"}],"wp:featuredmedia":[{"embeddable":true,"href":"https:\/\/www.actualidadadiario.com\/index.php\/wp-json\/wp\/v2\/media\/64213"}],"wp:attachment":[{"href":"https:\/\/www.actualidadadiario.com\/index.php\/wp-json\/wp\/v2\/media?parent=64212"}],"wp:term":[{"taxonomy":"category","embeddable":true,"href":"https:\/\/www.actualidadadiario.com\/index.php\/wp-json\/wp\/v2\/categories?post=64212"},{"taxonomy":"post_tag","embeddable":true,"href":"https:\/\/www.actualidadadiario.com\/index.php\/wp-json\/wp\/v2\/tags?post=64212"}],"curies":[{"name":"wp","href":"https:\/\/api.w.org\/{rel}","templated":true}]}}