{"id":64209,"date":"2020-07-15T13:22:38","date_gmt":"2020-07-15T16:22:38","guid":{"rendered":"https:\/\/www.actualidadadiario.com\/?p=64209"},"modified":"2020-07-30T16:03:21","modified_gmt":"2020-07-30T19:03:21","slug":"arranca-pacto-social-con-agenda-de-reforma-laboral-social-e-impositiva-para-la-pospandemia","status":"publish","type":"post","link":"https:\/\/www.actualidadadiario.com\/index.php\/2020\/07\/15\/arranca-pacto-social-con-agenda-de-reforma-laboral-social-e-impositiva-para-la-pospandemia\/","title":{"rendered":"Arranca Pacto Social con agenda de reforma laboral, social e impositiva para la pospandemia"},"content":{"rendered":"<p style=\"text-align: center;\"><em><strong>Convocatoria multisectorial de B\u00e9liz y Moroni a las 10 en la Casa de Gobierno. Pr\u00f3logo para el acuerdo pospandemia que impulsa Alberto Fern\u00e1ndez<\/strong><\/em><\/p>\n<p>&nbsp;<\/p>\n<p>&nbsp;<\/p>\n<p>El acuerdo econ\u00f3mico y social que Alberto Fern\u00e1ndez pregon\u00f3 durante la campa\u00f1a electoral escribir\u00e1 este mi\u00e9rcoles su pr\u00f3logo en la Casa de Gobierno con un encuentro de alto nivel que convocar\u00e1 a empresarios, sindicalistas, funcionarios y dirigentes extranjeros ligados al di\u00e1logo tripartito institucionalizado. Ser\u00e1 el paso m\u00e1s relevante hasta ahora en la intenci\u00f3n del Gobierno de acordar con todos los sectores econ\u00f3micos y sociales una agenda que incluir\u00e1 reformas en la normativa laboral, impositiva y de asistencia social entre otros cap\u00edtulos.<\/p>\n<p>El encuentro se desarrollar\u00e1 por teleconferencia desde las 10 con el protagonismo de Gustavo B\u00e9liz, secretario de Asuntos Estrat\u00e9gicos de la Presidencia e impulsor central de una modernizaci\u00f3n de las leyes laborales de la Argentina aunque en un sentido menos flexibilizador y privativo de derechos de la que propugnaba la gesti\u00f3n de Mauricio Macri, y en acuerdo con la CGT. Participar\u00e1 tambi\u00e9n el ministro de Trabajo, Claudio Moroni, junto a los m\u00e1ximos dirigentes de la CGT, la CTA, la Uni\u00f3n Industrial y la C\u00e1mara de Comercio, as\u00ed como referentes de la Organizaci\u00f3n Internacional del Trabajo (OIT) y las Naciones Unidas (ONU) y funcionarios de pa\u00edses como Alemania, Grecia y B\u00e9lgica que expondr\u00e1n como ejemplos del debate multisectorial.<\/p>\n<p>El debate tendr\u00e1 como ejes la preparaci\u00f3n para la esperada instauraci\u00f3n del Consejo Econ\u00f3mico y Social en la Argentina, un \u00f3rgano consultor de pol\u00edticas para el desarrollo a largo plazo que deber\u00e1 ver la luz a instancias de una ley sancionada en el Congreso y que form\u00f3 parte de las promesas de campa\u00f1a del Frente de Todos. Se prev\u00e9 que ser\u00e1 una entidad de discusi\u00f3n tripartita con dict\u00e1menes no vinculantes pero para habilitar discusiones parlamentarias sobre los ejes abordados. Para su implementaci\u00f3n definitiva el Ejecutivo aguardaba dos desenlaces de resultado todav\u00eda abierto: el de la pandemia y el de la renegociaci\u00f3n de la deuda con los acreedores privados, que se supone dejar\u00eda un excedente econ\u00f3mico disponible para la definici\u00f3n de pol\u00edticas econ\u00f3micas para la reactivaci\u00f3n.<\/p>\n<p>\u201cQueremos conformar una mesa que no sea s\u00f3lo para reclamar sino para trazar una mirada m\u00e1sde mediano y largo plazo, atendiendo a la coyuntura pero tambi\u00e9n a lo estructural\u201d, le dijo a Ambito Gerardo Mart\u00ednez, jefe del gremio de la construcci\u00f3n (Uocra) y secretario de Relaciones Internacionales de la CGT. Ir\u00e1 junto a H\u00e9ctor Daer, cosecretario general de la central obrera. Mart\u00ednez explic\u00f3 que la din\u00e1mica del acuerdo social deber\u00e1 ser en espejo de otras instituciones de di\u00e1logo tripartito: \u201cEn la cultura de la concertaci\u00f3n, como sucede en la OIT, nadie se puede ir de la mesa. Te pod\u00e9s enojar pero no te pod\u00e9s levantar. En todo caso, si no hay acuerdo sobre un punto se pone un paraguas, un corchete sobre ese \u00edtem y se sigue con otro\u201d, coment\u00f3.<\/p>\n<p>Para Hugo Yasky, jefe de la CTA de los Trabajadores, la convocatoria ser\u00e1 \u201cel inicio del camino hacia la conformaci\u00f3n del Consejo Econ\u00f3mico y Social en la Argentina\u201d, que a su juicio deber\u00e1 incluir no s\u00f3lo a los grandes empresarios sino tambi\u00e9n a los sectores pyme. \u201cEl mundo empresario tiene otros sujetos como los peque\u00f1os y medianos que tienen sus organizaciones, los peque\u00f1os productores rurales, el movimiento cooperativo, eso forma parte tambi\u00e9n del mundo empresario de la Argentina y tambi\u00e9n tienen que estar aunque no tengan el porte ni la billetera de los que hace cuatro a\u00f1os a esta parte con el gobierno de (Mauricio) Macri eran los \u00fanicos que forma excluyente pod\u00edan llegar a estar en una convocatoria\u201d.<\/p>\n<p>Para Yasky la participaci\u00f3n implicar\u00e1 un desagravio luego de haber sido marginado del acto por el 9 de julio del que particip\u00f3 la CGT junto a representantes de las c\u00e1maras empresarias del denominado G6. Pero tambi\u00e9n el encuentro podr\u00e1 leerse como una ratificaci\u00f3n de la inclinaci\u00f3n de Alberto Fern\u00e1ndez por el di\u00e1logo en su versi\u00f3n m\u00e1s amplia, luego de que Cristina de Kirchner y Hebe de Bonafini, de Madres de Plaza de Mayo, le hicieran saber \u2013por v\u00edas m\u00e1s indirectas o expl\u00edcitas, respectivamente- que no deb\u00eda sentar a una mesa de di\u00e1logo a los principales referentes del sector patronal de la Argentina por tratarse de sectores que no comparten los intereses de las grandes mayor\u00edas populares.<\/p>\n<p>Tambi\u00e9n participar\u00e1n del encuentro Pedro Am\u00e9rico Furtado de Oliveira, director de la oficina local de la OIT; Youcef Ghellab, jefe de la Unidad de Dialogo Social y Tripartismo de OIT; Geert De Poorter, presidente de la Junta Directiva del Servicio P\u00fablico Federal Empleo, Trabajo y Di\u00e1logo Social de B\u00e9lgica; Apostolos Xyraphis, secretario general del Consejo Econ\u00f3mico y Social de Grecia, y Roberto Valent, coordinador residente de ONU en la Argentina, entre otros.<\/p>\n","protected":false},"excerpt":{"rendered":"<p>Convocatoria multisectorial de B\u00e9liz y Moroni a las 10 en la Casa de Gobierno. Pr\u00f3logo para el acuerdo pospandemia que impulsa Alberto Fern\u00e1ndez &nbsp; &nbsp; El acuerdo econ\u00f3mico y social que Alberto Fern\u00e1ndez pregon\u00f3 durante la campa\u00f1a electoral escribir\u00e1 este mi\u00e9rcoles su pr\u00f3logo en la Casa de Gobierno con un encuentro de alto nivel que convocar\u00e1 a empresarios, sindicalistas, funcionarios y dirigentes extranjeros ligados al di\u00e1logo tripartito institucionalizado. Ser\u00e1 el paso m\u00e1s relevante hasta ahora en la intenci\u00f3n del Gobierno de acordar con todos los sectores econ\u00f3micos y sociales una&#8230;<\/p>\n","protected":false},"author":3,"featured_media":64210,"comment_status":"closed","ping_status":"closed","sticky":false,"template":"","format":"standard","meta":[],"categories":[9],"tags":[],"_links":{"self":[{"href":"https:\/\/www.actualidadadiario.com\/index.php\/wp-json\/wp\/v2\/posts\/64209"}],"collection":[{"href":"https:\/\/www.actualidadadiario.com\/index.php\/wp-json\/wp\/v2\/posts"}],"about":[{"href":"https:\/\/www.actualidadadiario.com\/index.php\/wp-json\/wp\/v2\/types\/post"}],"author":[{"embeddable":true,"href":"https:\/\/www.actualidadadiario.com\/index.php\/wp-json\/wp\/v2\/users\/3"}],"replies":[{"embeddable":true,"href":"https:\/\/www.actualidadadiario.com\/index.php\/wp-json\/wp\/v2\/comments?post=64209"}],"version-history":[{"count":1,"href":"https:\/\/www.actualidadadiario.com\/index.php\/wp-json\/wp\/v2\/posts\/64209\/revisions"}],"predecessor-version":[{"id":64211,"href":"https:\/\/www.actualidadadiario.com\/index.php\/wp-json\/wp\/v2\/posts\/64209\/revisions\/64211"}],"wp:featuredmedia":[{"embeddable":true,"href":"https:\/\/www.actualidadadiario.com\/index.php\/wp-json\/wp\/v2\/media\/64210"}],"wp:attachment":[{"href":"https:\/\/www.actualidadadiario.com\/index.php\/wp-json\/wp\/v2\/media?parent=64209"}],"wp:term":[{"taxonomy":"category","embeddable":true,"href":"https:\/\/www.actualidadadiario.com\/index.php\/wp-json\/wp\/v2\/categories?post=64209"},{"taxonomy":"post_tag","embeddable":true,"href":"https:\/\/www.actualidadadiario.com\/index.php\/wp-json\/wp\/v2\/tags?post=64209"}],"curies":[{"name":"wp","href":"https:\/\/api.w.org\/{rel}","templated":true}]}}