{"id":64206,"date":"2020-07-15T13:21:55","date_gmt":"2020-07-15T16:21:55","guid":{"rendered":"https:\/\/www.actualidadadiario.com\/?p=64206"},"modified":"2020-07-30T16:03:21","modified_gmt":"2020-07-30T19:03:21","slug":"soy-el-presidente-de-todos-los-argentinos","status":"publish","type":"post","link":"https:\/\/www.actualidadadiario.com\/index.php\/2020\/07\/15\/soy-el-presidente-de-todos-los-argentinos\/","title":{"rendered":"&#8220;Soy el Presidente de todos los argentinos&#8221;"},"content":{"rendered":"<p style=\"text-align: center;\"><em><strong>El presidente Alberto Fern\u00e1ndez public\u00f3 una carta de respuesta a la Asociaci\u00f3n Madres de Plaza de Mayo en la que se\u00f1al\u00f3 que comparte &#8220;el dolor por el sufrimiento de nuestro pueblo, que se ha agravado por la tragedia de esta pandemia&#8221; y asegur\u00f3 que &#8220;siempre las escucho y atiendo sus observaciones o reparos&#8221;. &#8220;Su respuesta nos alienta a seguir luchando&#8221;, agradecieron desde su cuenta oficial las Madres, dando por cerrada la pol\u00e9mica<\/strong><\/em><\/p>\n<p>&nbsp;<\/p>\n<p>&nbsp;<\/p>\n<p>La carta de Madres, firmada por su titular, Hebe de Bonafini, hab\u00eda sido muy cr\u00edtica con la decisi\u00f3n del mandatario de haber compartido el acto por el D\u00eda de la Independencia con empresarios y sindicalistas, entre ellos el titular de la Sociedad Rural Argentina, Daniel Pellegrina, a quienes la Asociaci\u00f3n hab\u00eda acusado de &#8220;secuestrar a nuestros hijos&#8221; y &#8220;saqueadores del pa\u00eds&#8221;.<\/p>\n<p>&#8220;Mi compromiso fue y es el de siempre: con los que menos tienen&#8221;, subray\u00f3 Fern\u00e1ndez en su carta y record\u00f3 que recibe tanto a los empresarios como a representantes de pymes, movimientos sociales, estudiantes y sindicalistas.<\/p>\n<p>&#8220;Queridas madres, siempre tengo la plena conciencia de lo que ustedes han significado y significan para que seamos mejores como sociedad, por eso tengan la plena seguridad de que todas nuestras pol\u00edticas tienen un objetivo central: construir la Argentina socialmente justa que a\u00fan so\u00f1amos&#8221;, sentenci\u00f3 el mandatario.<\/p>\n","protected":false},"excerpt":{"rendered":"<p>El presidente Alberto Fern\u00e1ndez public\u00f3 una carta de respuesta a la Asociaci\u00f3n Madres de Plaza de Mayo en la que se\u00f1al\u00f3 que comparte &#8220;el dolor por el sufrimiento de nuestro pueblo, que se ha agravado por la tragedia de esta pandemia&#8221; y asegur\u00f3 que &#8220;siempre las escucho y atiendo sus observaciones o reparos&#8221;. &#8220;Su respuesta nos alienta a seguir luchando&#8221;, agradecieron desde su cuenta oficial las Madres, dando por cerrada la pol\u00e9mica &nbsp; &nbsp; La carta de Madres, firmada por su titular, Hebe de Bonafini, hab\u00eda sido muy cr\u00edtica con&#8230;<\/p>\n","protected":false},"author":3,"featured_media":64207,"comment_status":"closed","ping_status":"closed","sticky":false,"template":"","format":"standard","meta":[],"categories":[9],"tags":[],"_links":{"self":[{"href":"https:\/\/www.actualidadadiario.com\/index.php\/wp-json\/wp\/v2\/posts\/64206"}],"collection":[{"href":"https:\/\/www.actualidadadiario.com\/index.php\/wp-json\/wp\/v2\/posts"}],"about":[{"href":"https:\/\/www.actualidadadiario.com\/index.php\/wp-json\/wp\/v2\/types\/post"}],"author":[{"embeddable":true,"href":"https:\/\/www.actualidadadiario.com\/index.php\/wp-json\/wp\/v2\/users\/3"}],"replies":[{"embeddable":true,"href":"https:\/\/www.actualidadadiario.com\/index.php\/wp-json\/wp\/v2\/comments?post=64206"}],"version-history":[{"count":1,"href":"https:\/\/www.actualidadadiario.com\/index.php\/wp-json\/wp\/v2\/posts\/64206\/revisions"}],"predecessor-version":[{"id":64208,"href":"https:\/\/www.actualidadadiario.com\/index.php\/wp-json\/wp\/v2\/posts\/64206\/revisions\/64208"}],"wp:featuredmedia":[{"embeddable":true,"href":"https:\/\/www.actualidadadiario.com\/index.php\/wp-json\/wp\/v2\/media\/64207"}],"wp:attachment":[{"href":"https:\/\/www.actualidadadiario.com\/index.php\/wp-json\/wp\/v2\/media?parent=64206"}],"wp:term":[{"taxonomy":"category","embeddable":true,"href":"https:\/\/www.actualidadadiario.com\/index.php\/wp-json\/wp\/v2\/categories?post=64206"},{"taxonomy":"post_tag","embeddable":true,"href":"https:\/\/www.actualidadadiario.com\/index.php\/wp-json\/wp\/v2\/tags?post=64206"}],"curies":[{"name":"wp","href":"https:\/\/api.w.org\/{rel}","templated":true}]}}