{"id":64201,"date":"2020-07-15T13:20:24","date_gmt":"2020-07-15T16:20:24","guid":{"rendered":"https:\/\/www.actualidadadiario.com\/?p=64201"},"modified":"2020-07-30T16:03:21","modified_gmt":"2020-07-30T19:03:21","slug":"el-indec-difunde-hoy-la-inflacion-de-junio","status":"publish","type":"post","link":"https:\/\/www.actualidadadiario.com\/index.php\/2020\/07\/15\/el-indec-difunde-hoy-la-inflacion-de-junio\/","title":{"rendered":"El Indec difunde hoy la inflaci\u00f3n de junio"},"content":{"rendered":"<p style=\"text-align: center;\"><em><strong>Los analistas de la plaza financiera estimaron que la inflaci\u00f3n lleg\u00f3 al 2% en junio, seg\u00fan los resultados del Relevamiento de Expectativas del Mercado (REM), elaborado por el Banco Central<\/strong><\/em><\/p>\n<p>&nbsp;<\/p>\n<p>&nbsp;<\/p>\n<p>El Instituto Nacional de Estad\u00edstica y Censos (Indec) difundir\u00e1 esta tarde la variaci\u00f3n que registr\u00f3 en junio \u00faltimo el \u00edndice de Precios al Consumidor (IPC).<\/p>\n<p>Los analistas de la plaza financiera estimaron que la inflaci\u00f3n lleg\u00f3 al 2% en junio, seg\u00fan los resultados del Relevamiento de Expectativas del Mercado (REM), elaborado por el Banco Central.<\/p>\n<p>De confirmarse esta proyecci\u00f3n, el IPC de junio marcar\u00eda una suba de 0,5 puntos respecto al 1,5% registrado en mayo y abril pasados.<\/p>\n<p>Esto tambi\u00e9n determinar\u00eda para el primer semestre un acumulado del 13.3% en el IPC.<\/p>\n<p>En marzo pasado, el IPC alcanz\u00f3 su punto m\u00e1ximo en el semestre con un alza del 3,3% y luego fue moderando la suba al comp\u00e1s del menor nivel de actividad econ\u00f3mica y una baja en algunos servicios, como el caso del costo de la educaci\u00f3n.<\/p>\n<p>Hasta mayo, y con una inflaci\u00f3n acumulada del 11,1%, el rubro de alimentos y bebidas result\u00f3 uno de los de mayor preponderancia con un incremento del 16% en los cinco primeros meses del a\u00f1o.<\/p>\n","protected":false},"excerpt":{"rendered":"<p>Los analistas de la plaza financiera estimaron que la inflaci\u00f3n lleg\u00f3 al 2% en junio, seg\u00fan los resultados del Relevamiento de Expectativas del Mercado (REM), elaborado por el Banco Central &nbsp; &nbsp; El Instituto Nacional de Estad\u00edstica y Censos (Indec) difundir\u00e1 esta tarde la variaci\u00f3n que registr\u00f3 en junio \u00faltimo el \u00edndice de Precios al Consumidor (IPC). Los analistas de la plaza financiera estimaron que la inflaci\u00f3n lleg\u00f3 al 2% en junio, seg\u00fan los resultados del Relevamiento de Expectativas del Mercado (REM), elaborado por el Banco Central. De confirmarse esta&#8230;<\/p>\n","protected":false},"author":3,"featured_media":60213,"comment_status":"closed","ping_status":"closed","sticky":false,"template":"","format":"standard","meta":[],"categories":[2],"tags":[],"_links":{"self":[{"href":"https:\/\/www.actualidadadiario.com\/index.php\/wp-json\/wp\/v2\/posts\/64201"}],"collection":[{"href":"https:\/\/www.actualidadadiario.com\/index.php\/wp-json\/wp\/v2\/posts"}],"about":[{"href":"https:\/\/www.actualidadadiario.com\/index.php\/wp-json\/wp\/v2\/types\/post"}],"author":[{"embeddable":true,"href":"https:\/\/www.actualidadadiario.com\/index.php\/wp-json\/wp\/v2\/users\/3"}],"replies":[{"embeddable":true,"href":"https:\/\/www.actualidadadiario.com\/index.php\/wp-json\/wp\/v2\/comments?post=64201"}],"version-history":[{"count":1,"href":"https:\/\/www.actualidadadiario.com\/index.php\/wp-json\/wp\/v2\/posts\/64201\/revisions"}],"predecessor-version":[{"id":64202,"href":"https:\/\/www.actualidadadiario.com\/index.php\/wp-json\/wp\/v2\/posts\/64201\/revisions\/64202"}],"wp:featuredmedia":[{"embeddable":true,"href":"https:\/\/www.actualidadadiario.com\/index.php\/wp-json\/wp\/v2\/media\/60213"}],"wp:attachment":[{"href":"https:\/\/www.actualidadadiario.com\/index.php\/wp-json\/wp\/v2\/media?parent=64201"}],"wp:term":[{"taxonomy":"category","embeddable":true,"href":"https:\/\/www.actualidadadiario.com\/index.php\/wp-json\/wp\/v2\/categories?post=64201"},{"taxonomy":"post_tag","embeddable":true,"href":"https:\/\/www.actualidadadiario.com\/index.php\/wp-json\/wp\/v2\/tags?post=64201"}],"curies":[{"name":"wp","href":"https:\/\/api.w.org\/{rel}","templated":true}]}}