{"id":64198,"date":"2020-07-15T13:19:41","date_gmt":"2020-07-15T16:19:41","guid":{"rendered":"https:\/\/www.actualidadadiario.com\/?p=64198"},"modified":"2020-07-30T16:03:21","modified_gmt":"2020-07-30T19:03:21","slug":"el-gobierno-oficializo-aumentos-en-los-productos-de-precios-maximos","status":"publish","type":"post","link":"https:\/\/www.actualidadadiario.com\/index.php\/2020\/07\/15\/el-gobierno-oficializo-aumentos-en-los-productos-de-precios-maximos\/","title":{"rendered":"El Gobierno oficializ\u00f3 aumentos en los productos de Precios M\u00e1ximos"},"content":{"rendered":"<p style=\"text-align: center;\"><em><strong>Durante 30 d\u00edas no podr\u00e1 haber aumentos de los productos seleccionados. Las subas alcanzan hasta el 4,5%<\/strong><\/em><\/p>\n<p>&nbsp;<\/p>\n<p>&nbsp;<\/p>\n<p>El Gobierno nacional oficializ\u00f3 aumentos en los productos del programa &#8220;Precios M\u00e1ximos&#8221;, con incrementos que alcanzan hasta el 4,5 por ciento y que entran en vigencia a partir de la jornada de este mi\u00e9rcoles.<\/p>\n<p>Mediante la Disposici\u00f3n 13\/2020, publicada en el Bolet\u00edn Oficial, el Gobierno resolvi\u00f3 el aumento en los productos en el programa &#8220;Precios M\u00e1ximos&#8221;.<\/p>\n<p>Como ocurri\u00f3 en las anteriores pr\u00f3rrogas del programa de &#8220;Precios M\u00e1ximos&#8221;, el Gobierno aclar\u00f3 que durante el lapso de duraci\u00f3n de la Disposici\u00f3n (30 d\u00edas) no podr\u00e1 haber aumentos de los productos seleccionados.<\/p>\n<p>Los siguientes son los aumentos dispuestos por el Gobierno: a) L\u00e1cteos y Frescos 3% b) Harinas, fideos, galletitas y panificados 4% c) Limpieza del hogar, Cocina y Bazar 2,5% d) Cuidado personal 3,5% e) Bebidas 4% f) Aceites 4% g) Infusiones 4,5% h) Arroz y legumbres 4% i) Conservas, dulces, endulzantes y encurtidos 3% j) Sopas, caldos, pur\u00e9, aderezos, condimentos y snacks 2% k) Alimentos Congelados 2,5% l) Alimentos para mascotas 2%.<\/p>\n<p>Los aumentos se toman en cuenta a partir de lo resuelto el 6 de marzo pasado, aunque hubo incrementos en el medio y desde esa fecha en las grandes cadenas de supermercados clientes denunciaron faltantes.<\/p>\n","protected":false},"excerpt":{"rendered":"<p>Durante 30 d\u00edas no podr\u00e1 haber aumentos de los productos seleccionados. Las subas alcanzan hasta el 4,5% &nbsp; &nbsp; El Gobierno nacional oficializ\u00f3 aumentos en los productos del programa &#8220;Precios M\u00e1ximos&#8221;, con incrementos que alcanzan hasta el 4,5 por ciento y que entran en vigencia a partir de la jornada de este mi\u00e9rcoles. Mediante la Disposici\u00f3n 13\/2020, publicada en el Bolet\u00edn Oficial, el Gobierno resolvi\u00f3 el aumento en los productos en el programa &#8220;Precios M\u00e1ximos&#8221;. Como ocurri\u00f3 en las anteriores pr\u00f3rrogas del programa de &#8220;Precios M\u00e1ximos&#8221;, el Gobierno aclar\u00f3 que&#8230;<\/p>\n","protected":false},"author":3,"featured_media":64199,"comment_status":"closed","ping_status":"closed","sticky":false,"template":"","format":"standard","meta":[],"categories":[2],"tags":[],"_links":{"self":[{"href":"https:\/\/www.actualidadadiario.com\/index.php\/wp-json\/wp\/v2\/posts\/64198"}],"collection":[{"href":"https:\/\/www.actualidadadiario.com\/index.php\/wp-json\/wp\/v2\/posts"}],"about":[{"href":"https:\/\/www.actualidadadiario.com\/index.php\/wp-json\/wp\/v2\/types\/post"}],"author":[{"embeddable":true,"href":"https:\/\/www.actualidadadiario.com\/index.php\/wp-json\/wp\/v2\/users\/3"}],"replies":[{"embeddable":true,"href":"https:\/\/www.actualidadadiario.com\/index.php\/wp-json\/wp\/v2\/comments?post=64198"}],"version-history":[{"count":1,"href":"https:\/\/www.actualidadadiario.com\/index.php\/wp-json\/wp\/v2\/posts\/64198\/revisions"}],"predecessor-version":[{"id":64200,"href":"https:\/\/www.actualidadadiario.com\/index.php\/wp-json\/wp\/v2\/posts\/64198\/revisions\/64200"}],"wp:featuredmedia":[{"embeddable":true,"href":"https:\/\/www.actualidadadiario.com\/index.php\/wp-json\/wp\/v2\/media\/64199"}],"wp:attachment":[{"href":"https:\/\/www.actualidadadiario.com\/index.php\/wp-json\/wp\/v2\/media?parent=64198"}],"wp:term":[{"taxonomy":"category","embeddable":true,"href":"https:\/\/www.actualidadadiario.com\/index.php\/wp-json\/wp\/v2\/categories?post=64198"},{"taxonomy":"post_tag","embeddable":true,"href":"https:\/\/www.actualidadadiario.com\/index.php\/wp-json\/wp\/v2\/tags?post=64198"}],"curies":[{"name":"wp","href":"https:\/\/api.w.org\/{rel}","templated":true}]}}