{"id":64195,"date":"2020-07-15T13:18:56","date_gmt":"2020-07-15T16:18:56","guid":{"rendered":"https:\/\/www.actualidadadiario.com\/?p=64195"},"modified":"2020-07-30T16:03:21","modified_gmt":"2020-07-30T19:03:21","slug":"refuerzan-los-controles-en-la-triple-frontera-y-el-limite-con-paraguay-y-bolivia","status":"publish","type":"post","link":"https:\/\/www.actualidadadiario.com\/index.php\/2020\/07\/15\/refuerzan-los-controles-en-la-triple-frontera-y-el-limite-con-paraguay-y-bolivia\/","title":{"rendered":"Refuerzan los controles en la Triple Frontera y el l\u00edmite con Paraguay y Bolivia"},"content":{"rendered":"<p style=\"text-align: center;\"><em><strong>Por pedido de los gobernadores, se fortaleci\u00f3 la vigilancia de Gendarmer\u00eda en puntos claves del norte y se desplegaron dos m\u00f3dulos sanitarios donados por Europa para aislar casos sospechosos. El mapa que mira Fern\u00e1ndez que explica su preocupaci\u00f3n por Brasil<\/strong><\/em><\/p>\n<p>&nbsp;<\/p>\n<p>&nbsp;<\/p>\n<p>A lo largo de los \u00faltimos d\u00edas, el Gobierno nacional ha reforzado los controles en la frontera norte, tanto a nivel de seguridad como sanitario, a partir de los pedidos de los gobiernos provinciales pero tambi\u00e9n las alertas evaluadas desde Buenos Aires. La movida incluy\u00f3 desde un refuerzo de la presencia de fuerzas federales, en coordenadas espec\u00edficas, hasta la instalaci\u00f3n de dos m\u00f3dulos especiales para atender casos sospechosos de Covid-19 en zonas carentes de toda infraestructura.<\/p>\n<p>De todos los pasos fronterizos, el de la Triple Frontera y sus alrededores constituye uno de los m\u00e1s sensibles por la vecindad con Brasil. En su \u00faltima reuni\u00f3n con los gobernadores, el presidente Alberto Fern\u00e1ndez les mostr\u00f3 un mapa en donde se divisaba a la provincia de Misiones, con 41 casos positivos, rodeada de puntos rojos que representaban los brotes en los vecinos estados brasile\u00f1os de Paran\u00e1 (37.424), Santa Catarina (38.408) y R\u00edo Grande do Sul (36.434). Solo en la fronteriza Foz de Iguaz\u00fa, al 9 de julio, se registraban 646 casos.<\/p>\n<p>Misiones constituye, desde el inicio de la pandemia, un paso de particular inter\u00e9s con el que se viene trabajando entre el Gobierno nacional y la administraci\u00f3n de Oscar Herrera. La evoluci\u00f3n de la pandemia en el pa\u00eds vecino solo acentu\u00f3 las preocupaciones de los funcionarios de ambas jurisdicciones. De ah\u00ed la decisi\u00f3n de reforzar la vigilancia de las fuerzas federales en una zona que, de por s\u00ed, se supervisa por constituir una de las rutas de tr\u00e1fico ilegal. Hoy no est\u00e1 habilitado como paso regular aunque se ha abierto para cruces humanitarios y las mercader\u00edas nunca cesaron de pasar.<\/p>\n<p>El domingo se instal\u00f3 all\u00ed, adem\u00e1s, un m\u00f3dulo sanitario a cargo de la Direcci\u00f3n Nacional de Migraciones, especialmente dise\u00f1ado para el aislamiento de personas que atraviesen el paso con s\u00edntomas asociados al Covid-19. Su adquisici\u00f3n forma parte de un programa de cooperaci\u00f3n internacional de la Uni\u00f3n Europea mucho m\u00e1s integral llamado Eurofront, focalizado en el control de fronteras y adaptado, en parte, a la emergencia mundial.<\/p>\n<p>Otro m\u00f3dulo similar arrib\u00f3 en las \u00faltimas horas a Aguas Blancas, en la provincia de Salta, lindante con Bolivia. En aquel pa\u00eds, los n\u00fameros de la pandemia est\u00e1n a punto de superar los 50 mil casos, hay departamentos al borde del colapso sanitario y la presidenta de facto, Jeanine A\u00f1ez, al igual que once funcionarios del Ejecutivo \u2014entre ellos, seis ministros\u2014, la presidenta del Senado y una docena de legisladores ya se contagiaron. Migraciones dispuso que en aquella frontera se emplace la segunda de estructura de estas caracter\u00edsticas financiadas por la Uni\u00f3n Europea.<\/p>\n<p>En Jujuy y Salta, el Ministerio de Seguridad trabaja en coordinaci\u00f3n con el de Defensa para supervisar la frontera. A fines de junio, el Ej\u00e9rcito ya hab\u00eda desplegado los primeros efectivos para brindar apoyo log\u00edstico en las llamadas &#8220;zonas calientes&#8221; a la polic\u00eda local y a la gendarmer\u00eda. Pese a ello, hubo algunas quejas, como la del diputado del Partido Renovador salte\u00f1o, Baltasar Lara Gros, contra la efectividad del operativo.<\/p>\n<p>Tambi\u00e9n en Formosa se redoblaron los esfuerzos de vigilancia, en particular, en la frontera de Clorinda con Puerto Jos\u00e9 A. Falc\u00f3n, del lado paraguayo. En ese caso, tras un pedido del secretario de Seguridad del gobierno de Gildo Insfr\u00e1n. Por el cauce seco del r\u00edo Pilcomayo, hay un tr\u00e1nsito irregular en ambas direcciones que escapa tambi\u00e9n a todo control sanitario. Y si bien Paraguay registra un n\u00famero limitado de casos, rozando los 3 mil, uno de los principales brotes radica, precisamente, en el l\u00edmite con la Argentina.<\/p>\n<p>Desde el cierre de fronteras, hay cinco pasos terrestres habilitados para el ingreso regular de argentinos y residentes extranjeros pero se mantienen las fronteras abiertas para el cruce de mercader\u00edas. De ah\u00ed que Migraciones tambi\u00e9n haya reforzado en las \u00faltimas semanas, con el apoyo de la Organizaci\u00f3n Internacional para las Migraciones (OIM) y la Uni\u00f3n Europea, los recursos para quienes trabajan en Sanidad de Frontera.<\/p>\n<p>El 29 de junio, el organismo recibi\u00f3 una primera entrega de equipos de protecci\u00f3n, prevenci\u00f3n y detecci\u00f3n del Covid-19 como parte del programa Eurofront, financiado por la Uni\u00f3n Europea e implementado en la regi\u00f3n tanto por la OIM como por la Organizaci\u00f3n Internacional Italiano-Latinoamericana (IILA) y la Fundaci\u00f3n Internacional para Iberoam\u00e9rica de Administraci\u00f3n y Pol\u00edticas P\u00fablicas (FIIAPP).<\/p>\n<p>Seg\u00fan explicaron desde la delegaci\u00f3n de la Uni\u00f3n Europea y la OIM, el programa forma parte de un ambicioso plan que comprende cuatro fronteras en siete pa\u00edses: Argentina, Brasil, Bolivia, Colombia, Ecuador, Paraguay y Per\u00fa. Se estructura en dos pilares, uno principal centralizado en la gesti\u00f3n de fronteras y el segundo relacionado a la prevenci\u00f3n de la trata y tr\u00e1fico de personas. La irrupci\u00f3n de la pandemia oblig\u00f3 a redise\u00f1ar la administraci\u00f3n de los l\u00edmites nacionales bajo un prisma sanitario.<\/p>\n<p>En consecuencia, se decidi\u00f3 avanzar, en todos estos pa\u00edses y en di\u00e1logo con las autoridades respectivas, sobre tres l\u00edneas de intervenci\u00f3n que constituyen la asistencia en infraestructura, materiales de detecci\u00f3n (term\u00f3metros infrarrojos) y otros de prevenci\u00f3n y cuidado para los trabajadores de fronteras (barbijos, guantes de l\u00e1tex y trajes de bioseguridad tipo mamelucos). En cada caso, el equipamiento obedeci\u00f3 a las necesidades de cada pa\u00eds en acuerdo entre el gobierno nacional, la OIM y la delegaci\u00f3n diplom\u00e1tica local de la UE.<\/p>\n","protected":false},"excerpt":{"rendered":"<p>Por pedido de los gobernadores, se fortaleci\u00f3 la vigilancia de Gendarmer\u00eda en puntos claves del norte y se desplegaron dos m\u00f3dulos sanitarios donados por Europa para aislar casos sospechosos. El mapa que mira Fern\u00e1ndez que explica su preocupaci\u00f3n por Brasil &nbsp; &nbsp; A lo largo de los \u00faltimos d\u00edas, el Gobierno nacional ha reforzado los controles en la frontera norte, tanto a nivel de seguridad como sanitario, a partir de los pedidos de los gobiernos provinciales pero tambi\u00e9n las alertas evaluadas desde Buenos Aires. La movida incluy\u00f3 desde un refuerzo&#8230;<\/p>\n","protected":false},"author":3,"featured_media":64196,"comment_status":"closed","ping_status":"closed","sticky":false,"template":"","format":"standard","meta":[],"categories":[2],"tags":[],"_links":{"self":[{"href":"https:\/\/www.actualidadadiario.com\/index.php\/wp-json\/wp\/v2\/posts\/64195"}],"collection":[{"href":"https:\/\/www.actualidadadiario.com\/index.php\/wp-json\/wp\/v2\/posts"}],"about":[{"href":"https:\/\/www.actualidadadiario.com\/index.php\/wp-json\/wp\/v2\/types\/post"}],"author":[{"embeddable":true,"href":"https:\/\/www.actualidadadiario.com\/index.php\/wp-json\/wp\/v2\/users\/3"}],"replies":[{"embeddable":true,"href":"https:\/\/www.actualidadadiario.com\/index.php\/wp-json\/wp\/v2\/comments?post=64195"}],"version-history":[{"count":1,"href":"https:\/\/www.actualidadadiario.com\/index.php\/wp-json\/wp\/v2\/posts\/64195\/revisions"}],"predecessor-version":[{"id":64197,"href":"https:\/\/www.actualidadadiario.com\/index.php\/wp-json\/wp\/v2\/posts\/64195\/revisions\/64197"}],"wp:featuredmedia":[{"embeddable":true,"href":"https:\/\/www.actualidadadiario.com\/index.php\/wp-json\/wp\/v2\/media\/64196"}],"wp:attachment":[{"href":"https:\/\/www.actualidadadiario.com\/index.php\/wp-json\/wp\/v2\/media?parent=64195"}],"wp:term":[{"taxonomy":"category","embeddable":true,"href":"https:\/\/www.actualidadadiario.com\/index.php\/wp-json\/wp\/v2\/categories?post=64195"},{"taxonomy":"post_tag","embeddable":true,"href":"https:\/\/www.actualidadadiario.com\/index.php\/wp-json\/wp\/v2\/tags?post=64195"}],"curies":[{"name":"wp","href":"https:\/\/api.w.org\/{rel}","templated":true}]}}