{"id":64192,"date":"2020-07-15T13:18:10","date_gmt":"2020-07-15T16:18:10","guid":{"rendered":"https:\/\/www.actualidadadiario.com\/?p=64192"},"modified":"2020-07-30T16:03:21","modified_gmt":"2020-07-30T19:03:21","slug":"fuerte-repunte-de-la-industria-en-junio","status":"publish","type":"post","link":"https:\/\/www.actualidadadiario.com\/index.php\/2020\/07\/15\/fuerte-repunte-de-la-industria-en-junio\/","title":{"rendered":"Fuerte repunte de la industria en junio"},"content":{"rendered":"<p style=\"text-align: center;\"><em><strong>Tras el peor mayo de la historia, con un uso de apenas el 46,4% de las maquinarias, desde el Gobierno adelantan que en junio el sector fabril ya produjo &#8220;apenas&#8221; 15% menos que en la precuarentena<\/strong><\/em><\/p>\n<p>&nbsp;<\/p>\n<p>&nbsp;<\/p>\n<p>El rebote industrial continu\u00f3 durante junio. Seg\u00fan el Centro de Estudios para la Producci\u00f3n (CEP), del Ministerio de Desarrollo Productivo, la baja interanual del sector fabril estuvo en torno al 15%, lo que implica una fuerte desaceleraci\u00f3n en la ca\u00edda, tras el 26,4% del mes previo: el peor mayo de la historia, con un uso de las maquinarias industriales de apenas 46,4%. El repunte de las automotrices y los materiales de la construcci\u00f3n, un importante rebote en las textiles y una recuperaci\u00f3n en las sider\u00fargicas, explican la din\u00e1mica. La primera semana de julio sigui\u00f3 mejorando, aunque m\u00e1s lento, y cerr\u00f3 con una ca\u00edda de 12%.<\/p>\n<p>Abril y mayo fueron, por mucho, los peores meses desde que se mide la Utilizaci\u00f3n de la Capacidad Instalada en la Industria (UCII), por parte del Indec. Abril registr\u00f3 un uso de instalaciones de 42% y mayo otro de 46,4%. Ni siquiera en el 2002 se registr\u00f3 un nivel tan bajo: abril y mayo de ese a\u00f1o de recesi\u00f3n in\u00e9dita mostraron niveles de 55,1% y 55,2%, respectivamente.<\/p>\n<p>En mayo, las automotrices operaron apenas al 6%. Una mejora respecto al 0% de abril pero a\u00fan se trata del nivel m\u00e1s bajo de la historia del sector. Las textiles usaron el 17,8% de sus instalaciones. La metalmec\u00e1nica apenas el 31,7%. Caucho y pl\u00e1stico, minerales no met\u00e1licos y la siderurgia, sectores proveedores de otras industrias y de la construcci\u00f3n, usaron al 36,4%; al 38,5%; y al 39% sus maquinarias, respectivamente.<\/p>\n<p>En todos los casos, sin embargo, se trat\u00f3 de una mejora respecto a abril. Y esa din\u00e1mica se acentu\u00f3 hacia junio, aunque todos los sectores contin\u00faan operando bien por debajo de los niveles prepandemia.<\/p>\n<p>Esta semana el CEP publicar\u00e1 un \u00edndice adelantado de actividad industrial, realizado a partir de los datos diarios de consumo energ\u00e9tico del sector manufacturero, relevados por Cammesa. El CEP arm\u00f3 una serie que mostr\u00f3 buena correlaci\u00f3n con el \u00cdndice de Producci\u00f3n Industrial (IPI) del Indec y que da cuenta de una continuidad del rebote en junio.<\/p>\n<p>Al respecto, afirmaron: &#8220;En junio mejor\u00f3 la automotriz, materiales para la construcci\u00f3n, la siderurgia tambi\u00e9n aunque un poco menos, la textil repunt\u00f3 fuerte. La mayor\u00eda de los sectores recuperaron sensiblemente. Aunque s\u00f3lo materiales para la construcci\u00f3n est\u00e1 casi en terreno positivo respecto a la precuarentena. Pero los recortes de las ca\u00eddas son muy marcados&#8221;.<\/p>\n<p>Para julio cabr\u00eda esperar una vuelta atr\u00e1s en las mejoras, aunque desde el CEP esperan que al menos no sea tan significativa, ya que afirman que no se volvi\u00f3 a fase 1: &#8220;La primera semana de julio fue mejor que la primera de junio, al menos seg\u00fan los datos de Cammesa. Por eso se sigue achicando la brecha respecto a la precuarentena. Est\u00e1bamos en -15% y pasamos a -12%. Si hubiese empeorado, habr\u00edamos pasado a -17% o -18%. Por otro lado, la industria qued\u00f3 mayormente abierta en esta nueva fase de la cuarentena. No fue fase 1. Las exportadoras y sus proveedoras, que mueven mucho la aguja del PBI industrial, siguieron abiertas. A eso hay que sumarle las esenciales. De ninguna manera est\u00e1 siendo igual que abril. Ah\u00ed por ejemplo las automotrices cerraron y ahora permanecieron abiertas&#8221;.<\/p>\n<p>Destacaron que, mientras el \u00edndice adelantado registr\u00f3 una ca\u00edda de 34% en abril, similar a la del Indec, si se hubiese tomado desde el 19 de marzo hasta el 19 de abril el desplome habr\u00eda sido de 40%.<\/p>\n","protected":false},"excerpt":{"rendered":"<p>Tras el peor mayo de la historia, con un uso de apenas el 46,4% de las maquinarias, desde el Gobierno adelantan que en junio el sector fabril ya produjo &#8220;apenas&#8221; 15% menos que en la precuarentena &nbsp; &nbsp; El rebote industrial continu\u00f3 durante junio. Seg\u00fan el Centro de Estudios para la Producci\u00f3n (CEP), del Ministerio de Desarrollo Productivo, la baja interanual del sector fabril estuvo en torno al 15%, lo que implica una fuerte desaceleraci\u00f3n en la ca\u00edda, tras el 26,4% del mes previo: el peor mayo de la historia,&#8230;<\/p>\n","protected":false},"author":3,"featured_media":64193,"comment_status":"closed","ping_status":"closed","sticky":false,"template":"","format":"standard","meta":[],"categories":[2],"tags":[],"_links":{"self":[{"href":"https:\/\/www.actualidadadiario.com\/index.php\/wp-json\/wp\/v2\/posts\/64192"}],"collection":[{"href":"https:\/\/www.actualidadadiario.com\/index.php\/wp-json\/wp\/v2\/posts"}],"about":[{"href":"https:\/\/www.actualidadadiario.com\/index.php\/wp-json\/wp\/v2\/types\/post"}],"author":[{"embeddable":true,"href":"https:\/\/www.actualidadadiario.com\/index.php\/wp-json\/wp\/v2\/users\/3"}],"replies":[{"embeddable":true,"href":"https:\/\/www.actualidadadiario.com\/index.php\/wp-json\/wp\/v2\/comments?post=64192"}],"version-history":[{"count":1,"href":"https:\/\/www.actualidadadiario.com\/index.php\/wp-json\/wp\/v2\/posts\/64192\/revisions"}],"predecessor-version":[{"id":64194,"href":"https:\/\/www.actualidadadiario.com\/index.php\/wp-json\/wp\/v2\/posts\/64192\/revisions\/64194"}],"wp:featuredmedia":[{"embeddable":true,"href":"https:\/\/www.actualidadadiario.com\/index.php\/wp-json\/wp\/v2\/media\/64193"}],"wp:attachment":[{"href":"https:\/\/www.actualidadadiario.com\/index.php\/wp-json\/wp\/v2\/media?parent=64192"}],"wp:term":[{"taxonomy":"category","embeddable":true,"href":"https:\/\/www.actualidadadiario.com\/index.php\/wp-json\/wp\/v2\/categories?post=64192"},{"taxonomy":"post_tag","embeddable":true,"href":"https:\/\/www.actualidadadiario.com\/index.php\/wp-json\/wp\/v2\/tags?post=64192"}],"curies":[{"name":"wp","href":"https:\/\/api.w.org\/{rel}","templated":true}]}}