{"id":64187,"date":"2020-07-15T13:16:31","date_gmt":"2020-07-15T16:16:31","guid":{"rendered":"https:\/\/www.actualidadadiario.com\/?p=64187"},"modified":"2020-07-30T16:03:21","modified_gmt":"2020-07-30T19:03:21","slug":"vuelta-a-clases-que-provincias-regresan-a-las-aulas-en-agosto","status":"publish","type":"post","link":"https:\/\/www.actualidadadiario.com\/index.php\/2020\/07\/15\/vuelta-a-clases-que-provincias-regresan-a-las-aulas-en-agosto\/","title":{"rendered":"Vuelta a clases: qu\u00e9 provincias regresan a las aulas en agosto"},"content":{"rendered":"<p style=\"text-align: center;\"><em><strong>El ministro de Educaci\u00f3n de la Naci\u00f3n, Nicol\u00e1s Trotta, anunci\u00f3 que el regreso a las aulas empezar\u00e1 por peque\u00f1as localidades de provincias que est\u00e1n en fase 5. Ser\u00e1 con una modalidad combinada de asistencia presencial y clases domiciliarias<\/strong><\/em><\/p>\n<p>&nbsp;<\/p>\n<p>Nueve provincias confirmaron al ministerio de Educaci\u00f3n su voluntad de retomar las clases presenciales en el mes agosto, en un camino que prev\u00e9n escalonado y que comenzar\u00e1 en las escuelas de comunidades peque\u00f1as o zonas rurales que est\u00e9n en la fase 5 de distanciamiento social. Si bien depende de que la situaci\u00f3n epidemiol\u00f3gica no se agrave, la vuelta a clases ya comienza a ser preparada. Para facilitar el proceso, el estado nacional dispuso invertir 2300 millones de pesos para la compra de insumos y la realizaci\u00f3n de tareas de mantenimiento edilicio.<\/p>\n<p>&nbsp;<\/p>\n<p><strong>Las provincias que retoman<\/strong><\/p>\n<p>Los distritos que planifican abrir sus escuelas en agosto son Catamarca, Corrientes, Formosa, Misiones, San Juan, Santiago del Estero, Santa Fe, San Luis y Tucum\u00e1n. El criterio es el de una apertura en etapas, progresiva. La asistencia de los alumnos ser\u00e1 alternada para minimizar el n\u00famero de estudiantes por aula y la circulaci\u00f3n del transporte. Por otra parte, se ofrecer\u00e1n alternativas educativas a aquellos que, por estar en grupos de riesgo, deban mantener el aislamiento.<\/p>\n<p>Los gobernadores de estas nueve provincias mantuvieron una videoconferencia con el ministro de Educaci\u00f3n, Nicol\u00e1s Trotta, para avanzar en la planificaci\u00f3n del regreso a las aulas. Las provincias, que son las que mantienen la atribuci\u00f3n de poner la fecha, est\u00e1n pensando en fechas de reinicio para distintas semanas de agosto. El 2 de julio, el Consejo Federal de Educaci\u00f3n -que re\u00fane a los ministros de los 24 distritos del pa\u00eds- aprob\u00f3 los protocolos para el regreso seguro a las aulas<\/p>\n<p>Como ya se sabe, primero retomar\u00e1n las clases presenciales los alumnos que est\u00e9n finalizando el secundario y la primaria, que cuentan con menos tiempo para incorporar los conocimientos necesarios para ingresar a la universidad o dar el salto al siguiente nivel.<\/p>\n<p>Trotta, se\u00f1al\u00f3 luego de la videoconferencia, que el estado dar\u00e1 opciones de estudio para que las familias que, por miedo al contagio u otras razones, no manden los chicos al colegio. \u201cEs una situaci\u00f3n excepcional y se atender\u00e1n todas las situaciones en las que la presencialidad no pueda asegurarse\u201d, adelant\u00f3.<\/p>\n<p>La inversi\u00f3n de 2300 millones de pesos es un total a distribuir entre los 24 distritos, de acuerdo a las necesidades planteadas en cada caso. Se trata de un paquete de fondos es complementario a lo que cada provincia destine para adecuar las escuelas a los protocolos de distanciamiento social. 500 millones ser\u00e1n enviados a las escuelas mediante transferencias directas de hasta 50 mil pesos por colegio para la compra de insumos como alcohol, lavandina, art\u00edculos de limpieza y tapabocas. Las escuelas tienen tarjetas de d\u00e9bito para estas asignaciones, destinadas a que el env\u00edo de fondos se acredite r\u00e1pidamente. Otros 1300 millones ser\u00e1n para la realizaci\u00f3n de peque\u00f1as obras para los edificios que necesiten reparaciones para acceder al agua o adecuarse a los protocolos. Finalmente, 500 millones m\u00e1s reforzar\u00e1n el programa de infraestructura escolar.<\/p>\n<p>En el ministerio remarcan que la vuelta al colegio tendr\u00e1 un car\u00e1cter gradual, escalonado y que depende en primer t\u00e9rmino de la evoluci\u00f3n de la pandemia. A\u00fan en el mejor de los escenarios, anticipan que la modalidad combinada, alternando d\u00edas de presencialidad con d\u00edas de aprendizaje en el hogar, ser\u00e1 obligada. &#8220;Un cambio que vino para quedarse&#8221;.<\/p>\n<p>Trotta convocar\u00e1 a los gremios docentes a una reuni\u00f3n paritaria la pr\u00f3xima semana, para trabajar los protocolos y condiciones de trabajo con los representantes de los maestros. En el ministerio se prepara, por otra parte, una campa\u00f1a de difusi\u00f3n sobre el retorno seguro a las aulas.<\/p>\n<p>El sistema educativo argentino tiene 60 mil escuelas y cerca de 15 millones de estudiantes y docentes que, desde el nivel inicial al universitario, tienen sus clases presenciales suspendidas desde el 16 de marzo para evitar la propagaci\u00f3n del coronavirus. La salida que empieza a definirse para las regiones del pa\u00eds sin circulaci\u00f3n de virus es por ahora impensable para el AMBA, donde habr\u00e1 que esperar a que mejore la situaci\u00f3n sanitaria.<\/p>\n","protected":false},"excerpt":{"rendered":"<p>El ministro de Educaci\u00f3n de la Naci\u00f3n, Nicol\u00e1s Trotta, anunci\u00f3 que el regreso a las aulas empezar\u00e1 por peque\u00f1as localidades de provincias que est\u00e1n en fase 5. Ser\u00e1 con una modalidad combinada de asistencia presencial y clases domiciliarias &nbsp; Nueve provincias confirmaron al ministerio de Educaci\u00f3n su voluntad de retomar las clases presenciales en el mes agosto, en un camino que prev\u00e9n escalonado y que comenzar\u00e1 en las escuelas de comunidades peque\u00f1as o zonas rurales que est\u00e9n en la fase 5 de distanciamiento social. Si bien depende de que la&#8230;<\/p>\n","protected":false},"author":3,"featured_media":63371,"comment_status":"closed","ping_status":"closed","sticky":false,"template":"","format":"standard","meta":[],"categories":[9],"tags":[],"_links":{"self":[{"href":"https:\/\/www.actualidadadiario.com\/index.php\/wp-json\/wp\/v2\/posts\/64187"}],"collection":[{"href":"https:\/\/www.actualidadadiario.com\/index.php\/wp-json\/wp\/v2\/posts"}],"about":[{"href":"https:\/\/www.actualidadadiario.com\/index.php\/wp-json\/wp\/v2\/types\/post"}],"author":[{"embeddable":true,"href":"https:\/\/www.actualidadadiario.com\/index.php\/wp-json\/wp\/v2\/users\/3"}],"replies":[{"embeddable":true,"href":"https:\/\/www.actualidadadiario.com\/index.php\/wp-json\/wp\/v2\/comments?post=64187"}],"version-history":[{"count":1,"href":"https:\/\/www.actualidadadiario.com\/index.php\/wp-json\/wp\/v2\/posts\/64187\/revisions"}],"predecessor-version":[{"id":64188,"href":"https:\/\/www.actualidadadiario.com\/index.php\/wp-json\/wp\/v2\/posts\/64187\/revisions\/64188"}],"wp:featuredmedia":[{"embeddable":true,"href":"https:\/\/www.actualidadadiario.com\/index.php\/wp-json\/wp\/v2\/media\/63371"}],"wp:attachment":[{"href":"https:\/\/www.actualidadadiario.com\/index.php\/wp-json\/wp\/v2\/media?parent=64187"}],"wp:term":[{"taxonomy":"category","embeddable":true,"href":"https:\/\/www.actualidadadiario.com\/index.php\/wp-json\/wp\/v2\/categories?post=64187"},{"taxonomy":"post_tag","embeddable":true,"href":"https:\/\/www.actualidadadiario.com\/index.php\/wp-json\/wp\/v2\/tags?post=64187"}],"curies":[{"name":"wp","href":"https:\/\/api.w.org\/{rel}","templated":true}]}}